{"id":3558,"date":"2021-10-22T16:22:57","date_gmt":"2021-10-22T19:22:57","guid":{"rendered":"https:\/\/www.buscouniversidad.com.ar\/orientacion\/?p=3558"},"modified":"2022-02-16T17:28:42","modified_gmt":"2022-02-16T20:28:42","slug":"entrevista-directivo-universidad-austral","status":"publish","type":"post","link":"https:\/\/www.buscouniversidad.com.ar\/orientacion\/entrevista-directivo-universidad-austral\/","title":{"rendered":"\u201cEn la Universidad Austral contamos con 1170 profesores. Lo que nos permite brindar una experiencia de formaci\u00f3n personalizada.\u201d"},"content":{"rendered":"<p><\/p>\n<p>En esta nota entrevistamos a <strong>Ignacio Garc\u00eda Costa<\/strong>, Gerente de Admisiones de Universidad Austral. Hablaremos sobre el pasado, presente y futuro de la Austral. Sigue leyendo para conocer a la universidad con mayor profundidad.<\/p>\n<p><\/p>\n<p><\/p>\n<div id=\"toc_container\" class=\"no_bullets\"><p class=\"toc_title\">&Iacute;ndice<\/p><ul class=\"toc_list\"><li><a href=\"#Breve_historia_de_Universidad_Austral\">Breve historia de Universidad Austral<\/a><\/li><li><a href=\"#Que_papel_cumple_un_Gerente_de_Admisiones_Como_describiria_su_trabajo_y_su_vinculo_con_la_universidad\">\u00bfQu\u00e9 papel cumple un Gerente de Admisiones? \u00bfC\u00f3mo describir\u00eda su trabajo y su v\u00ednculo con la universidad?<\/a><\/li><li><a href=\"#Cuales_son_las_principales_aspiraciones_de_Universidad_Austral_respecto_a_la_formacion_de_sus_alumnos\">\u00bfCu\u00e1les son las principales aspiraciones de Universidad Austral respecto a la formaci\u00f3n de sus alumnos?<\/a><\/li><li><a href=\"#La_Universidad_Austral_esta_involucrada_en_algun_proyecto_o_programa_que_permita_fortalecer_la_calidad_educativa\">\u00bfLa Universidad Austral est\u00e1 involucrada en alg\u00fan proyecto o programa que permita fortalecer la calidad educativa?<\/a><\/li><li><a href=\"#Cuantas_carreras_se_pueden_estudiar_en_Universidad_Austral_y_cuales_son_las_mas_demandadas\">\u00bfCu\u00e1ntas carreras se pueden estudiar en Universidad Austral y cu\u00e1les son las m\u00e1s demandadas?<\/a><\/li><li><a href=\"#Que_ventajas_tiene_la_Universidad_Austral_para_que_los_estudiantes_la_elijan_por_sobre_otras_universidades\">\u00bfQu\u00e9 ventajas tiene la Universidad Austral para que los estudiantes la elijan por sobre otras universidades?<\/a><\/li><li><a href=\"#Cual_es_el_balance_que_usted_podria_hacer_respecto_al_logro_de_sus_fines_en_docencia_investigacion_e_innovacion\">\u00bfCu\u00e1l es el balance que usted podr\u00eda hacer respecto al logro de sus fines: en docencia, investigaci\u00f3n e innovaci\u00f3n?<\/a><\/li><li><a href=\"#Recientemente_la_presencialidad_esta_retomando_en_universidades_Siente_que_las_clases_volveran_a_ser_100_presencial_o_el_formato_mixto_llego_para_quedarse\">Recientemente la presencialidad est\u00e1 retomando en universidades. \u00bfSiente que las clases volver\u00e1n a ser 100% presencial o el formato mixto lleg\u00f3 para quedarse?<\/a><\/li><li><a href=\"#A_futuro_cuales_son_los_planes_en_materia_de_nuevas_propuestas_y_difusion_del_conocimiento\">A futuro, \u00bfcu\u00e1les son los planes en materia de nuevas propuestas y difusi\u00f3n del conocimiento?<\/a><\/li><\/ul><\/div>\n<h2><span id=\"Breve_historia_de_Universidad_Austral\"><strong>Breve historia de Universidad Austral<\/strong><\/span><\/h2>\n<p><\/p>\n<p><\/p>\n<p>La <strong>Universidad Austral <\/strong>es una instituci\u00f3n educativa de gesti\u00f3n privada fundada en el a\u00f1o 1991, aunque el amplio proyecto universitario naci\u00f3 en 1978 con el comienzo de su escuela de negocios. A\u00f1os m\u00e1s tarde, en 2002, la Universidad Austral fue la primera universidad privada argentina en alcanzar su plena autonom\u00eda, cumpliendo todos los pasos de evaluaci\u00f3n institucional en el marco de la Ley de Educaci\u00f3n Superior 24.521.<\/p>\n<p><\/p>\n<p><\/p>\n<p>Tiene por objetivo ser referente por su contribuci\u00f3n cient\u00edfica, educativa y de transferencia, en las disciplinas que m\u00e1s impacto tengan en el desarrollo de las personas. Siempre buscando fomentar la interdisciplinariedad.<\/p>\n<p><\/p>\n<p><\/p>\n<p>En su misi\u00f3n se propone servir a la sociedad a trav\u00e9s de la b\u00fasqueda de la verdad, mediante el desarrollo y transmisi\u00f3n del conocimiento, la formaci\u00f3n en las virtudes y la atenci\u00f3n de cada persona seg\u00fan su destino trascendente, ejerciendo un liderazgo intelectual, profesional, social y p\u00fablico.<\/p>\n<p><\/p>\n<p><\/p>\n<p>En la <a href=\"https:\/\/www.austral.edu.ar\/\" target=\"_blank\" rel=\"noreferrer noopener\">Universidad Austral<\/a>, resaltan su identidad cristiana mediante la cual se identifican con el amor y la libertad y la b\u00fasqueda de armon\u00eda entre la raz\u00f3n y la fe para dar soluciones a los problemas actuales.<\/p>\n<p><\/p>\n<p><\/p>\n<p>Dentro de su oferta educativa, podr\u00e1s encontrar carreras de grado como por ejemplo Abogac\u00eda, Administraci\u00f3n de Empresas, Dise\u00f1o y Comunicaci\u00f3n Social, entre otras. A su vez, tambi\u00e9n dispone de Posgrados en Medicina, Educaci\u00f3n y Comunicaci\u00f3n por nombrar algunos.<\/p>\n<p><\/p>\n<p><\/p>\n<p>Si Universidad Austral era una de tus opciones, entrevistamos a <strong>Ignacio Garc\u00eda Costa<\/strong>, su actual Gerente de Admisiones, para que conozcas a la universidad desde su interior.<\/p>\n<p><\/p>\n<p><\/p>\n<figure class=\"wp-block-image size-large\"><img width=\"1024\" height=\"683\" src=\"https:\/\/www.buscouniversidad.com.ar\/orientacion\/wp-content\/uploads\/2021\/10\/universidad-austral-1024x683.jpg\" alt=\"universidad-austral\" class=\"wp-image-3890\" srcset=\"https:\/\/www.buscouniversidad.com.ar\/orientacion\/wp-content\/uploads\/2021\/10\/universidad-austral-1024x683.jpg 1024w, https:\/\/www.buscouniversidad.com.ar\/orientacion\/wp-content\/uploads\/2021\/10\/universidad-austral-300x200.jpg 300w, https:\/\/www.buscouniversidad.com.ar\/orientacion\/wp-content\/uploads\/2021\/10\/universidad-austral-768x512.jpg 768w, https:\/\/www.buscouniversidad.com.ar\/orientacion\/wp-content\/uploads\/2021\/10\/universidad-austral-1536x1024.jpg 1536w, https:\/\/www.buscouniversidad.com.ar\/orientacion\/wp-content\/uploads\/2021\/10\/universidad-austral-225x150.jpg 225w, https:\/\/www.buscouniversidad.com.ar\/orientacion\/wp-content\/uploads\/2021\/10\/universidad-austral-150x100.jpg 150w, https:\/\/www.buscouniversidad.com.ar\/orientacion\/wp-content\/uploads\/2021\/10\/universidad-austral-scaled.jpg 1080w\" sizes=\"(max-width: 1024px) 100vw, 1024px\" \/><\/figure>\n<p><\/p>\n<p><\/p>\n<h2><span id=\"Que_papel_cumple_un_Gerente_de_Admisiones_Como_describiria_su_trabajo_y_su_vinculo_con_la_universidad\"><strong>\u00bfQu\u00e9 papel cumple un Gerente de Admisiones? \u00bfC\u00f3mo describir\u00eda su trabajo y su v\u00ednculo con la universidad?<\/strong><\/span><\/h2>\n<p><\/p>\n<p><\/p>\n<p>Un Gerente de Admisiones est\u00e1 al servicio del Departamento de Promoci\u00f3n y Admisi\u00f3n de la Universidad, teniendo como principal objetivo <strong>formar un equipo y planificar su trabajo, con el objetivo de dar a conocer la propuesta educativa diferencial de la Universidad.<\/strong> De esta manera, se hace m\u00e1s plena la b\u00fasqueda de cada persona que quiera formarse en la vida universitaria.<\/p>\n<p><\/p>\n<p><\/p>\n<p>Comenc\u00e9 a trabajar en la Universidad Austral como Director de Admisiones en 2016, con el desaf\u00edo de llegar a m\u00e1s j\u00f3venes con nuestra propuesta educativa. Entendemos que mientras m\u00e1s Universidades conozcan a los j\u00f3venes al momento de hacer la elecci\u00f3n de la casa de estudios donde se quieren formar, m\u00e1s libres son.<\/p>\n<p><\/p>\n<p><\/p>\n<p>En particular<strong> me entusiasma trabajar en el mundo de la educaci\u00f3n por su alto impacto en la sociedad y por el valor que aporta a los j\u00f3venes, y, particularmente, en la Austral ya que promueve una formaci\u00f3n profesional y humana centrada en cada uno, atendiendo a los talentos particulares de sus alumnos para que, como nos gusta decir, cada uno de ellos \u201csea la mejor versi\u00f3n de s\u00ed mismo\u201d.<\/strong>&nbsp;<\/p>\n<p><\/p>\n<p><\/p>\n<h2><span id=\"Cuales_son_las_principales_aspiraciones_de_Universidad_Austral_respecto_a_la_formacion_de_sus_alumnos\"><strong>\u00bfCu\u00e1les son las principales aspiraciones de Universidad Austral respecto a la formaci\u00f3n de sus alumnos?<\/strong><\/span><\/h2>\n<p><\/p>\n<p><\/p>\n<p>Todas las personas tenemos 3 dimensiones humanas bien definidas. La dimensi\u00f3n intelectual -que se formar\u00e1 a trav\u00e9s del aula-; la dimensi\u00f3n corporal -por ello la Universidad Austral cuenta con un plan de Vida Universitaria \u00fanico, con un gran campo de deportes en el que sus alumnos practican varias disciplinas y fomentan tambi\u00e9n la convivencia interdisciplinar-; y, finalmente, la dimensi\u00f3n humana de todas las personas, -nuestros alumnos son invitados a participar de actividades culturales, sociales y espirituales, completando la formaci\u00f3n integral de nuestros futuros profesionales-.<\/p>\n<p><\/p>\n<p><\/p>\n<p>La Universidad Austral no se contenta s\u00f3lo con formar a sus alumnos \u00fanicamente en el \u00e1mbito intelectual-profesional, sino que <strong>aspiramos a que nuestros profesionales puedan ser personas que puedan resolver cuestiones t\u00e9cnicas y que, al mismo tiempo, generen un profundo impacto positivo en el desaf\u00edo profesional que se les presente en su futuro.<\/strong><\/p>\n<p><\/p>\n<p><\/p>\n<h2><span id=\"La_Universidad_Austral_esta_involucrada_en_algun_proyecto_o_programa_que_permita_fortalecer_la_calidad_educativa\"><strong>\u00bfLa Universidad Austral est\u00e1 involucrada en alg\u00fan proyecto o programa que permita fortalecer la calidad educativa?<\/strong><\/span><\/h2>\n<p><\/p>\n<p><\/p>\n<p>La Universidad Austral cuenta con la Escuela de Educaci\u00f3n y con una Direcci\u00f3n de Innovaci\u00f3n y Planeamiento Acad\u00e9mico quienes, en conjunto, velan por la calidad acad\u00e9mica de la propuesta educativa en diversos niveles:<\/p>\n<p><\/p>\n<p><\/p>\n<ul>\n<li>La Escuela de Educaci\u00f3n aporta desde la disciplina y a trav\u00e9s del trabajo con sus especialistas en educaci\u00f3n en variadas tem\u00e1ticas que hacen a la mejora continua de sus procesos de ense\u00f1anza y aprendizaje<\/li>\n<li>La Direcci\u00f3n de Innovaci\u00f3n y Planeamiento Acad\u00e9mico se compone de:<\/li>\n<li>La Direcci\u00f3n de Calidad Institucional, que gestiona informaci\u00f3n relevante acerca de la Universidad y apoya a las unidades acad\u00e9micas en los procesos de acreditaci\u00f3n y creaci\u00f3n de carreras nuevas, con el objetivo promover la mejora continua en los procesos acad\u00e9micos.<\/li>\n<li>La Gerencia de Innovaci\u00f3n Educativa, que brinda soporte, capacitaci\u00f3n y asesoramiento a los profesores de la Universidad en estrategias y metodolog\u00edas de ense\u00f1anza innovadoras.&nbsp;<\/li>\n<\/ul>\n<p><\/p>\n<p><\/p>\n<p>De esta forma, los aspectos pedag\u00f3gicos, de innovaci\u00f3n y resultados, que se ponen en juego en el aseguramiento de la calidad educativa en la Universidad, se ven resguardados por equipos de profesionales expertos en cada uno de ellos.<\/p>\n<p><\/p>\n<p><\/p>\n<h2><span id=\"Cuantas_carreras_se_pueden_estudiar_en_Universidad_Austral_y_cuales_son_las_mas_demandadas\"><strong>\u00bfCu\u00e1ntas carreras se pueden estudiar en Universidad Austral y cu\u00e1les son las m\u00e1s demandadas?<\/strong><\/span><\/h2>\n<p><\/p>\n<p><\/p>\n<p>En la Universidad Austral se pueden estudiar las siguientes carreras de Grado:<\/p>\n<p><\/p>\n<p><\/p>\n<ul>\n<li>Abogac\u00eda (tanto en Pilar como en CABA)<\/li>\n<li>Ciencia Pol\u00edtica<\/li>\n<li>Relaciones Internacionales<\/li>\n<li>Negocios Digitales<\/li>\n<li>Econom\u00eda Empresarial<\/li>\n<li>Administraci\u00f3n de Empresas<\/li>\n<li>Contador P\u00fablico<\/li>\n<li>Agronegocios<\/li>\n<li>Comunicaci\u00f3n Social<\/li>\n<li>Dise\u00f1o<\/li>\n<li>Licenciatura en Orientaci\u00f3n Familiar<\/li>\n<li>Ingenier\u00eda en Inform\u00e1tica<\/li>\n<li>Ingenier\u00eda Industrial<\/li>\n<li>Ingenier\u00eda Biom\u00e9dica<\/li>\n<li>Medicina<\/li>\n<li>Enfermer\u00eda<\/li>\n<li>Nutrici\u00f3n<\/li>\n<li>Psicolog\u00eda<\/li>\n<li>Profesorado Universitario de Educaci\u00f3n<\/li>\n<\/ul>\n<p><\/p>\n<p><\/p>\n<p>Todas las carreras son muy demandadas por los j\u00f3venes que buscan formarse en un ambiente acad\u00e9mico de prestigio, exigente pero alcanzable; y en un ecosistema integral donde conviven la Investigaci\u00f3n, la Educaci\u00f3n y la Transferencia de tecnolog\u00eda y conocimiento a la industria.<\/p>\n<p><\/p>\n<p><\/p>\n<p>Adem\u00e1s, <strong>en posgrado contamos con 60 carreras, es decir especializaciones, maestr\u00edas y doctorados, y m\u00e1s de 400 programas de formaci\u00f3n profesional.<\/strong><\/p>\n<p><\/p>\n<p><\/p>\n<h2><span id=\"Que_ventajas_tiene_la_Universidad_Austral_para_que_los_estudiantes_la_elijan_por_sobre_otras_universidades\"><strong>\u00bfQu\u00e9 ventajas tiene la Universidad Austral para que los estudiantes la elijan por sobre otras universidades?<\/strong><\/span><\/h2>\n<p><\/p>\n<p><\/p>\n<p>Los alumnos que nos eligen valoran, entre otros aspectos, el prestigio acad\u00e9mico, la cercan\u00eda del claustro de profesores a sus alumnos, y los planes de estudios pensados para que cada profesional se forme en profundidad y de una manera amplia en la carrera que elija. Esto les permitir\u00e1 moverse entre las distintas especialidades una vez que hayan comenzado su vida profesional y modelar su camino con el trabajo que m\u00e1s los apasione.<\/p>\n<p><\/p>\n<p><\/p>\n<p>Adem\u00e1s, nuestros estudiantes disfrutan el aula, el debate que se genera a trav\u00e9s de los casos y los desaf\u00edos que se plantean en clase.<\/p>\n<p><\/p>\n<p><\/p>\n<p>Y, fundamentalmente, la formaci\u00f3n humana que se vive en los pasillos y aulas de la Austral.<\/p>\n<p><\/p>\n<p><\/p>\n<p>Por otro lado, contamos con convenios con 500 empresas para pasant\u00edas. Este a\u00f1o, <strong>el QS Graduate Employability Rankings 2022 nos posicion\u00f3 como la universidad argentina N\u00b0 1 en empleabilidad gracias a que, entre otros factor<\/strong><strong>es, todos nuestros egresados consiguen insertarse en el mercado laboral dentro del primer a\u00f1o como profesionales.<\/strong><\/p>\n<p><\/p>\n<p><\/p>\n<figure class=\"wp-block-embed is-type-video is-provider-youtube wp-block-embed-youtube wp-embed-aspect-16-9 wp-has-aspect-ratio\">\n<div class=\"wp-block-embed__wrapper\">\n<iframe title=\"Transformaci\u00f3n Austral - Campus Pilar\" width=\"920\" height=\"518\" src=\"https:\/\/www.youtube.com\/embed\/5ZCqWHoVBOE?feature=oembed\" frameborder=\"0\" allow=\"accelerometer; autoplay; clipboard-write; encrypted-media; gyroscope; picture-in-picture\" allowfullscreen><\/iframe>\n<\/div>\n<\/figure>\n<p><\/p>\n<p><\/p>\n<h2><span id=\"Cual_es_el_balance_que_usted_podria_hacer_respecto_al_logro_de_sus_fines_en_docencia_investigacion_e_innovacion\"><strong>\u00bfCu\u00e1l es el balance que usted podr\u00eda hacer respecto al logro de sus fines: en docencia, investigaci\u00f3n e innovaci\u00f3n?<\/strong><\/span><\/h2>\n<p><\/p>\n<p><\/p>\n<p>En docencia contamos con 163 profesores full-time y el 25% de nuestro cuerpo de docentes poseen un doctorado. Adem\u00e1s, <strong>al contar con un cuerpo acad\u00e9mico de m\u00e1s de 1170 profesores, tenemos un ratio de un docente cada seis alumnos, pudiendo as\u00ed potenciar nuestra experiencia de formaci\u00f3n personalizada.<\/strong><\/p>\n<p><\/p>\n<p><\/p>\n<p>En investigaci\u00f3n y transferencia impulsamos varios proyectos de vanguardia. Uno de ellos, entre varios, es el Instituto de Investigaciones en Medicina Traslacional (IIMT), de doble dependencia entre el Consejo Nacional de Investigaciones Cient\u00edficas y T\u00e9cnicas (CONICET) y la Universidad Austral; y que cuenta con 11 laboratorios acreditados bajo el sistema Joint Comission International, que obliga al cumplimiento de los m\u00e1s altos est\u00e1ndares.<\/p>\n<p><\/p>\n<p><\/p>\n<p>Por supuesto, <strong>la Universidad Austral est\u00e1 vinculada con entidades nacionales de ciencia y tecnolog\u00eda, entre ellas, el Ministerio de Ciencia, Tecnolog\u00eda e Innovaci\u00f3n Productiva; la Agencia Nacional de Promoci\u00f3n Cient\u00edfica y Tecnol\u00f3gica y el CONICET.<\/strong> Con este, la Universidad participa en convocatorias a becas internas cofinanciadas y generales, presentando postulantes en diversas modalidades. En la Austral tambi\u00e9n trabajan investigadores del CONICET.<\/p>\n<p><\/p>\n<p><\/p>\n<p>Si de innovaci\u00f3n hablamos, seg\u00fan QS World University Rankings 2022, la Austral es la Universidad que m\u00e1s creci\u00f3 en Latinoam\u00e9rica en 2021 y se encuentra dentro del 31% de las universidades mejor posicionadas del mundo. Como dec\u00eda antes, la pandemia nos permiti\u00f3 innovar en todo sentido. Adem\u00e1s de lo mencionado en capacitaci\u00f3n a nuestros profesores, en t\u00e9rminos de infraestructura hemos adaptado todas nuestras aulas con c\u00e1maras y tecnolog\u00eda de punta para contar con clases de modalidad dual (algunos alumnos cursando de manera presencial y otros de forma online). Tambi\u00e9n hemos instalado varias salas de streaming para clases 100% online que permiten ofrecer una experiencia de alta calidad en tecnolog\u00eda y recursos para la ense\u00f1anza.<\/p>\n<p><\/p>\n<p><\/p>\n<p>Adem\u00e1s, somos la \u00fanica universidad argentina que participa del Hemispheric University Consortium. entidad que agrupa a 14 universidades l\u00edderes del continente americano para la consecuci\u00f3n de los Objetivos de Desarrollo Sostenible acordados en la Organizaci\u00f3n de las Naciones Unidas. Tambi\u00e9n la universidad N\u00b0 1 de gesti\u00f3n privada en el pa\u00eds seg\u00fan Quacquarelli Symonds Latin American University Rankings 2021, 2022; y la N\u00b0 1 de gesti\u00f3n privada de Argentina seg\u00fan Times Higher Education (THE) Latin America University Rankings 2021. Adem\u00e1s, varias de nuestras facultades y unidades acad\u00e9micas lideran los rankings de sus propias disciplinas.<\/p>\n<p><\/p>\n<p><\/p>\n<p>En 30 a\u00f1os hemos trabajado mucho y alcanzado grandes objetivos, pero sabemos que todav\u00eda nos queda mucho por recorrer sin perder el horizonte que nos marca nuestra misi\u00f3n, de tener en el centro de todo nuestro quehacer al alumno y a todas las personas que conforman nuestra comunidad.<\/p>\n<p><\/p>\n<p><\/p>\n<h2><span id=\"Recientemente_la_presencialidad_esta_retomando_en_universidades_Siente_que_las_clases_volveran_a_ser_100_presencial_o_el_formato_mixto_llego_para_quedarse\"><strong>Recientemente la presencialidad est\u00e1 retomando en universidades. \u00bfSiente que las clases volver\u00e1n a ser 100% presencial o el formato mixto lleg\u00f3 para quedarse?<\/strong><\/span><\/h2>\n<p><\/p>\n<p><\/p>\n<p>Nuestro Rector, Juli\u00e1n Rodriguez, es un defensor de la presencialidad y la riqueza que tiene la vida \u00e1ulica, el intercambio de los distintos estudiantes en los pasillos, y las distintas actividades culturales que se desarrollan en la universidad.<\/p>\n<p><\/p>\n<p><\/p>\n<p>Y durante todo el 2021 la Austral estuvo luchando para que los j\u00f3venes universitarios pudiesen volver a la presencialidad, lo que sucedi\u00f3 en cuanto las autoridades sanitarias y municipales lo permitieron.<strong> Actualmente, el aforo permitido es del 70%, pero para febrero de 2022 esperamos volver al 100% de presencialidad a las aulas.<\/strong><\/p>\n<p><\/p>\n<p><\/p>\n<p>Sin embargo, el contexto de la pandemia nos impuls\u00f3 a adaptarnos a un mundo que seguir\u00e1 combinando y\/o alternando la educaci\u00f3n virtual y presencial \u2013por elecci\u00f3n intr\u00ednseca y\/o por condicionamientos externos-. En ese sentido, <strong>la Universidad trabaj\u00f3 en tres pilares centrales: una intensa capacitaci\u00f3n a los m\u00e1s de 1.100 profesores en el uso de herramientas innovadoras, la incorporaci\u00f3n de nuevas tecnolog\u00edas duras y blandas.<\/strong> En todos los casos, con el apoyo de las plataformas y aplicaciones tecnol\u00f3gicas m\u00e1s innovadoras acompa\u00f1ando el proceso, propuestos constantemente por la Gerencia de Innovaci\u00f3n Educativa.&nbsp;<\/p>\n<p><\/p>\n<p><\/p>\n<p>Tambi\u00e9n se llevaron a cabo obras de infraestructura en nuestro campus y sus diferentes sedes, este proceso permiti\u00f3 que profesores y alumnos pudieran potenciar la experiencia 100% virtual cuando el contexto lo exigi\u00f3, y participen de clases m\u00e1s din\u00e1micas con docentes dictando clases desde aulas equipadas para la transmisi\u00f3n v\u00eda streaming. Hoy, que el contexto es otro y se nos permite mayor presencialidad, muchos de ellos pueden aprovechar clases presenciales bajo la modalidad h\u00edbrida (cupo de alumnos presenciales y alumnos on line) en salas HyFlex (sistema h\u00edbrido y flexible).<\/p>\n<p><\/p>\n<p><\/p>\n<p>Gracias a todo esto, durante el 2020 no se perdieron horas c\u00e1tedra. Y sabemos que, ante cualquier cambio en el contexto sanitario, estamos mejor preparados para seguir brindando una educaci\u00f3n de excelencia.<\/p>\n<p><\/p>\n<p><\/p>\n<h2><span id=\"A_futuro_cuales_son_los_planes_en_materia_de_nuevas_propuestas_y_difusion_del_conocimiento\"><strong>A futuro, \u00bfcu\u00e1les son los planes en materia de nuevas propuestas y difusi\u00f3n del conocimiento?<\/strong><\/span><\/h2>\n<p><\/p>\n<p><\/p>\n<p>Desde la Universidad seguiremos apostando fuerte al componente de la presencialidad, que asegura el acompa\u00f1amiento personalizado. Por supuesto que ser\u00e1 complementado con los espacios de virtualidad, que aseguran una curr\u00edcula abierta, con espacios optativos y modalidades de ense\u00f1anza aggiornadas, seg\u00fan los \u00faltimos est\u00e1ndares pedag\u00f3gicos y tecnol\u00f3gicos.<\/p>\n<p><\/p>\n<p><\/p>\n<p>Al mismo tiempo,<strong> aspiramos a que todos los j\u00f3venes argentinos -y en cualquier lugar del mundo- puedan formarse en las universidades argentinas porque, mientras m\u00e1s y mejor se formen los j\u00f3venes, m\u00e1s oportunidades tendr\u00e1n en su futuro.<\/strong><\/p>\n<p><\/p>\n","protected":false},"excerpt":{"rendered":"<p>En esta nota entrevistamos a Ignacio Garc\u00eda Costa, Gerente de Admisiones de Universidad Austral. Hablaremos sobre el pasado, presente y futuro de la Austral. Sigue leyendo para conocer a la universidad con mayor profundidad. &Iacute;ndiceBreve historia de Universidad Austral\u00bfQu\u00e9 papel cumple un Gerente de Admisiones? \u00bfC\u00f3mo describir\u00eda su trabajo y \u2026<\/p>\n<p> <a class=\"continue-reading-link\" href=\"https:\/\/www.buscouniversidad.com.ar\/orientacion\/entrevista-directivo-universidad-austral\/\">Continuar Leyendo<i class=\"icon-right-dir\"><\/i><\/a><\/p>\n","protected":false},"author":7,"featured_media":3890,"comment_status":"closed","ping_status":"closed","sticky":false,"template":"","format":"standard","meta":[],"categories":[482],"tags":[507,508],"yoast_head":"<!-- This site is optimized with the Yoast SEO plugin v17.2 - https:\/\/yoast.com\/wordpress\/plugins\/seo\/ -->\n<title>\u201cEn la Universidad Austral contamos con 1170 profesores. Lo que nos permite brindar una experiencia de formaci\u00f3n personalizada.\u201d - Buscouniversidad.com.ar<\/title>\n<meta name=\"description\" content=\"Si te interesa estudiar en Universidad Austral y quer\u00e9s conocer m\u00e1s a fondo, le\u00e9 esta entrevista a su Gerente de Admisiones.\" \/>\n<meta name=\"robots\" content=\"index, follow, max-snippet:-1, max-image-preview:large, max-video-preview:-1\" \/>\n<link rel=\"canonical\" href=\"https:\/\/www.buscouniversidad.com.ar\/orientacion\/entrevista-directivo-universidad-austral\/\" \/>\n<meta property=\"og:locale\" content=\"es_ES\" \/>\n<meta property=\"og:type\" content=\"article\" \/>\n<meta property=\"og:title\" content=\"\u201cEn la Universidad Austral contamos con 1170 profesores. Lo que nos permite brindar una experiencia de formaci\u00f3n personalizada.\u201d - Buscouniversidad.com.ar\" \/>\n<meta property=\"og:description\" content=\"Si te interesa estudiar en Universidad Austral y quer\u00e9s conocer m\u00e1s a fondo, le\u00e9 esta entrevista a su Gerente de Admisiones.\" \/>\n<meta property=\"og:url\" content=\"https:\/\/www.buscouniversidad.com.ar\/orientacion\/entrevista-directivo-universidad-austral\/\" \/>\n<meta property=\"og:site_name\" content=\"Buscouniversidad.com.ar\" \/>\n<meta property=\"article:publisher\" content=\"https:\/\/www.facebook.com\/buscouniversidadcomar\" \/>\n<meta property=\"article:published_time\" content=\"2021-10-22T19:22:57+00:00\" \/>\n<meta property=\"article:modified_time\" content=\"2022-02-16T20:28:42+00:00\" \/>\n<meta name=\"twitter:card\" content=\"summary\" \/>\n<meta name=\"twitter:image\" content=\"https:\/\/www.buscouniversidad.com.ar\/orientacion\/wp-content\/uploads\/2021\/10\/universidad-austral-scaled.jpg\" \/>\n<meta name=\"twitter:label1\" content=\"Written by\" \/>\n\t<meta name=\"twitter:data1\" content=\"Lucila Voccia\" \/>\n\t<meta name=\"twitter:label2\" content=\"Est. reading time\" \/>\n\t<meta name=\"twitter:data2\" content=\"10 minutos\" \/>\n<script type=\"application\/ld+json\" class=\"yoast-schema-graph\">{\"@context\":\"https:\/\/schema.org\",\"@graph\":[{\"@type\":\"WebSite\",\"@id\":\"https:\/\/www.buscouniversidad.com.ar\/orientacion\/#website\",\"url\":\"https:\/\/www.buscouniversidad.com.ar\/orientacion\/\",\"name\":\"Buscouniversidad.com.ar\",\"description\":\"\",\"potentialAction\":[{\"@type\":\"SearchAction\",\"target\":{\"@type\":\"EntryPoint\",\"urlTemplate\":\"https:\/\/www.buscouniversidad.com.ar\/orientacion\/?s={search_term_string}\"},\"query-input\":\"required name=search_term_string\"}],\"inLanguage\":\"es-AR\"},{\"@type\":\"ImageObject\",\"@id\":\"https:\/\/www.buscouniversidad.com.ar\/orientacion\/entrevista-directivo-universidad-austral\/#primaryimage\",\"inLanguage\":\"es-AR\",\"url\":\"\",\"contentUrl\":\"\"},{\"@type\":\"WebPage\",\"@id\":\"https:\/\/www.buscouniversidad.com.ar\/orientacion\/entrevista-directivo-universidad-austral\/#webpage\",\"url\":\"https:\/\/www.buscouniversidad.com.ar\/orientacion\/entrevista-directivo-universidad-austral\/\",\"name\":\"\\u201cEn la Universidad Austral contamos con 1170 profesores. Lo que nos permite brindar una experiencia de formaci\\u00f3n personalizada.\\u201d - Buscouniversidad.com.ar\",\"isPartOf\":{\"@id\":\"https:\/\/www.buscouniversidad.com.ar\/orientacion\/#website\"},\"primaryImageOfPage\":{\"@id\":\"https:\/\/www.buscouniversidad.com.ar\/orientacion\/entrevista-directivo-universidad-austral\/#primaryimage\"},\"datePublished\":\"2021-10-22T19:22:57+00:00\",\"dateModified\":\"2022-02-16T20:28:42+00:00\",\"author\":{\"@id\":\"https:\/\/www.buscouniversidad.com.ar\/orientacion\/#\/schema\/person\/5578a144e9a582f30bfdd86f0a47c5aa\"},\"description\":\"Si te interesa estudiar en Universidad Austral y quer\\u00e9s conocer m\\u00e1s a fondo, le\\u00e9 esta entrevista a su Gerente de Admisiones.\",\"breadcrumb\":{\"@id\":\"https:\/\/www.buscouniversidad.com.ar\/orientacion\/entrevista-directivo-universidad-austral\/#breadcrumb\"},\"inLanguage\":\"es-AR\",\"potentialAction\":[{\"@type\":\"ReadAction\",\"target\":[\"https:\/\/www.buscouniversidad.com.ar\/orientacion\/entrevista-directivo-universidad-austral\/\"]}]},{\"@type\":\"BreadcrumbList\",\"@id\":\"https:\/\/www.buscouniversidad.com.ar\/orientacion\/entrevista-directivo-universidad-austral\/#breadcrumb\",\"itemListElement\":[{\"@type\":\"ListItem\",\"position\":1,\"name\":\"Home\",\"item\":\"https:\/\/www.buscouniversidad.com.ar\/orientacion\/\"},{\"@type\":\"ListItem\",\"position\":2,\"name\":\"\\u201cEn la Universidad Austral contamos con 1170 profesores. Lo que nos permite brindar una experiencia de formaci\\u00f3n personalizada.\\u201d\"}]},{\"@type\":\"Person\",\"@id\":\"https:\/\/www.buscouniversidad.com.ar\/orientacion\/#\/schema\/person\/5578a144e9a582f30bfdd86f0a47c5aa\",\"name\":\"Lucila Voccia\",\"image\":{\"@type\":\"ImageObject\",\"@id\":\"https:\/\/www.buscouniversidad.com.ar\/orientacion\/#personlogo\",\"inLanguage\":\"es-AR\",\"url\":\"https:\/\/secure.gravatar.com\/avatar\/15276fbf032eca650ecc1822cf278130?s=96&d=mm&r=g\",\"contentUrl\":\"https:\/\/secure.gravatar.com\/avatar\/15276fbf032eca650ecc1822cf278130?s=96&d=mm&r=g\",\"caption\":\"Lucila Voccia\"},\"url\":\"https:\/\/www.buscouniversidad.com.ar\/orientacion\/author\/lucila-voccia\/\"}]}<\/script>\n<!-- \/ Yoast SEO plugin. -->","yoast_head_json":{"title":"\u201cEn la Universidad Austral contamos con 1170 profesores. Lo que nos permite brindar una experiencia de formaci\u00f3n personalizada.\u201d - Buscouniversidad.com.ar","description":"Si te interesa estudiar en Universidad Austral y quer\u00e9s conocer m\u00e1s a fondo, le\u00e9 esta entrevista a su Gerente de Admisiones.","robots":{"index":"index","follow":"follow","max-snippet":"max-snippet:-1","max-image-preview":"max-image-preview:large","max-video-preview":"max-video-preview:-1"},"canonical":"https:\/\/www.buscouniversidad.com.ar\/orientacion\/entrevista-directivo-universidad-austral\/","og_locale":"es_ES","og_type":"article","og_title":"\u201cEn la Universidad Austral contamos con 1170 profesores. Lo que nos permite brindar una experiencia de formaci\u00f3n personalizada.\u201d - Buscouniversidad.com.ar","og_description":"Si te interesa estudiar en Universidad Austral y quer\u00e9s conocer m\u00e1s a fondo, le\u00e9 esta entrevista a su Gerente de Admisiones.","og_url":"https:\/\/www.buscouniversidad.com.ar\/orientacion\/entrevista-directivo-universidad-austral\/","og_site_name":"Buscouniversidad.com.ar","article_publisher":"https:\/\/www.facebook.com\/buscouniversidadcomar","article_published_time":"2021-10-22T19:22:57+00:00","article_modified_time":"2022-02-16T20:28:42+00:00","twitter_card":"summary","twitter_image":"https:\/\/www.buscouniversidad.com.ar\/orientacion\/wp-content\/uploads\/2021\/10\/universidad-austral-scaled.jpg","twitter_misc":{"Written by":"Lucila Voccia","Est. reading time":"10 minutos"},"schema":{"@context":"https:\/\/schema.org","@graph":[{"@type":"WebSite","@id":"https:\/\/www.buscouniversidad.com.ar\/orientacion\/#website","url":"https:\/\/www.buscouniversidad.com.ar\/orientacion\/","name":"Buscouniversidad.com.ar","description":"","potentialAction":[{"@type":"SearchAction","target":{"@type":"EntryPoint","urlTemplate":"https:\/\/www.buscouniversidad.com.ar\/orientacion\/?s={search_term_string}"},"query-input":"required name=search_term_string"}],"inLanguage":"es-AR"},{"@type":"ImageObject","@id":"https:\/\/www.buscouniversidad.com.ar\/orientacion\/entrevista-directivo-universidad-austral\/#primaryimage","inLanguage":"es-AR","url":"","contentUrl":""},{"@type":"WebPage","@id":"https:\/\/www.buscouniversidad.com.ar\/orientacion\/entrevista-directivo-universidad-austral\/#webpage","url":"https:\/\/www.buscouniversidad.com.ar\/orientacion\/entrevista-directivo-universidad-austral\/","name":"\u201cEn la Universidad Austral contamos con 1170 profesores. Lo que nos permite brindar una experiencia de formaci\u00f3n personalizada.\u201d - Buscouniversidad.com.ar","isPartOf":{"@id":"https:\/\/www.buscouniversidad.com.ar\/orientacion\/#website"},"primaryImageOfPage":{"@id":"https:\/\/www.buscouniversidad.com.ar\/orientacion\/entrevista-directivo-universidad-austral\/#primaryimage"},"datePublished":"2021-10-22T19:22:57+00:00","dateModified":"2022-02-16T20:28:42+00:00","author":{"@id":"https:\/\/www.buscouniversidad.com.ar\/orientacion\/#\/schema\/person\/5578a144e9a582f30bfdd86f0a47c5aa"},"description":"Si te interesa estudiar en Universidad Austral y quer\u00e9s conocer m\u00e1s a fondo, le\u00e9 esta entrevista a su Gerente de Admisiones.","breadcrumb":{"@id":"https:\/\/www.buscouniversidad.com.ar\/orientacion\/entrevista-directivo-universidad-austral\/#breadcrumb"},"inLanguage":"es-AR","potentialAction":[{"@type":"ReadAction","target":["https:\/\/www.buscouniversidad.com.ar\/orientacion\/entrevista-directivo-universidad-austral\/"]}]},{"@type":"BreadcrumbList","@id":"https:\/\/www.buscouniversidad.com.ar\/orientacion\/entrevista-directivo-universidad-austral\/#breadcrumb","itemListElement":[{"@type":"ListItem","position":1,"name":"Home","item":"https:\/\/www.buscouniversidad.com.ar\/orientacion\/"},{"@type":"ListItem","position":2,"name":"\u201cEn la Universidad Austral contamos con 1170 profesores. Lo que nos permite brindar una experiencia de formaci\u00f3n personalizada.\u201d"}]},{"@type":"Person","@id":"https:\/\/www.buscouniversidad.com.ar\/orientacion\/#\/schema\/person\/5578a144e9a582f30bfdd86f0a47c5aa","name":"Lucila Voccia","image":{"@type":"ImageObject","@id":"https:\/\/www.buscouniversidad.com.ar\/orientacion\/#personlogo","inLanguage":"es-AR","url":"https:\/\/secure.gravatar.com\/avatar\/15276fbf032eca650ecc1822cf278130?s=96&d=mm&r=g","contentUrl":"https:\/\/secure.gravatar.com\/avatar\/15276fbf032eca650ecc1822cf278130?s=96&d=mm&r=g","caption":"Lucila Voccia"},"url":"https:\/\/www.buscouniversidad.com.ar\/orientacion\/author\/lucila-voccia\/"}]}},"_links":{"self":[{"href":"https:\/\/www.buscouniversidad.com.ar\/orientacion\/wp-json\/wp\/v2\/posts\/3558"}],"collection":[{"href":"https:\/\/www.buscouniversidad.com.ar\/orientacion\/wp-json\/wp\/v2\/posts"}],"about":[{"href":"https:\/\/www.buscouniversidad.com.ar\/orientacion\/wp-json\/wp\/v2\/types\/post"}],"author":[{"embeddable":true,"href":"https:\/\/www.buscouniversidad.com.ar\/orientacion\/wp-json\/wp\/v2\/users\/7"}],"replies":[{"embeddable":true,"href":"https:\/\/www.buscouniversidad.com.ar\/orientacion\/wp-json\/wp\/v2\/comments?post=3558"}],"version-history":[{"count":6,"href":"https:\/\/www.buscouniversidad.com.ar\/orientacion\/wp-json\/wp\/v2\/posts\/3558\/revisions"}],"predecessor-version":[{"id":3892,"href":"https:\/\/www.buscouniversidad.com.ar\/orientacion\/wp-json\/wp\/v2\/posts\/3558\/revisions\/3892"}],"wp:featuredmedia":[{"embeddable":true,"href":"https:\/\/www.buscouniversidad.com.ar\/orientacion\/wp-json\/wp\/v2\/media\/3890"}],"wp:attachment":[{"href":"https:\/\/www.buscouniversidad.com.ar\/orientacion\/wp-json\/wp\/v2\/media?parent=3558"}],"wp:term":[{"taxonomy":"category","embeddable":true,"href":"https:\/\/www.buscouniversidad.com.ar\/orientacion\/wp-json\/wp\/v2\/categories?post=3558"},{"taxonomy":"post_tag","embeddable":true,"href":"https:\/\/www.buscouniversidad.com.ar\/orientacion\/wp-json\/wp\/v2\/tags?post=3558"}],"curies":[{"name":"wp","href":"https:\/\/api.w.org\/{rel}","templated":true}]}}