{"id":3649,"date":"2021-12-02T13:08:52","date_gmt":"2021-12-02T16:08:52","guid":{"rendered":"https:\/\/www.buscouniversidad.com.ar\/orientacion\/?p=3649"},"modified":"2022-02-16T17:15:40","modified_gmt":"2022-02-16T20:15:40","slug":"entrevista-directivo-facultad-de-agronomia-unicen","status":"publish","type":"post","link":"https:\/\/www.buscouniversidad.com.ar\/orientacion\/entrevista-directivo-facultad-de-agronomia-unicen\/","title":{"rendered":"Conoce a fondo la Facultad de Agronom\u00eda de la Universidad Nacional del Centro de la Provincia de Buenos Aires"},"content":{"rendered":"<p><\/p>\n<p>Si est\u00e1s pensando estudiar algo relacionado a la Agronom\u00eda, lee la entrevista que realizamos a<strong> Ana Mar\u00eda Piazza, actual Vicedecana de la Facultad de Agronom\u00eda de la UNICEN<\/strong> y conoce mucho m\u00e1s sobre sus or\u00edgenes y las ofertas educativas que brinda.&nbsp;<\/p>\n<p><\/p>\n<p><br \/>\n<!--more--><br \/>\n<\/p>\n<p><\/p>\n<div id=\"toc_container\" class=\"no_bullets\"><p class=\"toc_title\">&Iacute;ndice<\/p><ul class=\"toc_list\"><li><a href=\"#Facultad_de_Agronomia_de_la_UNICEN\">Facultad de Agronom\u00eda de la UNICEN<\/a><\/li><li><a href=\"#En_la_Facultad_de_Agronomia_de_la_UNICEN_podes_estudiar_las_siguientes_carreras\">En la Facultad de Agronom\u00eda de la UNICEN pod\u00e9s estudiar las siguientes carreras:<\/a><\/li><li><a href=\"#Carreras_de_posgrado\">Carreras de posgrado<\/a><\/li><li><a href=\"#Diplomaturas\">Diplomaturas<\/a><\/li><\/ul><\/div>\n<h2><span id=\"Facultad_de_Agronomia_de_la_UNICEN\"><strong>Facultad de Agronom\u00eda de la UNICEN<\/strong><\/span><\/h2>\n<p><\/p>\n<p><\/p>\n<p>La Facultad de Agronom\u00eda funciona desde hace 48 a\u00f1os en la ciudad de Azul, a 300 km de la ciudad de Buenos Aires, y forma parte de la Universidad Nacional del Centro de la Provincia de Buenos Aires (UNICEN), cuyas unidades acad\u00e9micas est\u00e1n distribuidas en las sedes de Azul, Tandil, Olavarr\u00eda y Quequ\u00e9n.<\/p>\n<p><\/p>\n<p><\/p>\n<p>Cuenta con una oferta acad\u00e9mica compuesta por 4 carreras de grado, diplomaturas universitarias y carreras de posgrado, apoyadas en una s\u00f3lida planta de docentes-investigadores que integran las actividades de docencia con sus proyectos de investigaci\u00f3n y extensi\u00f3n hacia la comunidad.<\/p>\n<p><\/p>\n<p><\/p>\n<figure class=\"wp-block-image size-large is-style-default\"><img width=\"1024\" height=\"683\" src=\"https:\/\/www.buscouniversidad.com.ar\/orientacion\/wp-content\/uploads\/2021\/12\/unicen-universidad-1024x683.jpg\" alt=\"unicen-universidad\" class=\"wp-image-3871\" srcset=\"https:\/\/www.buscouniversidad.com.ar\/orientacion\/wp-content\/uploads\/2021\/12\/unicen-universidad-1024x683.jpg 1024w, https:\/\/www.buscouniversidad.com.ar\/orientacion\/wp-content\/uploads\/2021\/12\/unicen-universidad-300x200.jpg 300w, https:\/\/www.buscouniversidad.com.ar\/orientacion\/wp-content\/uploads\/2021\/12\/unicen-universidad-768x512.jpg 768w, https:\/\/www.buscouniversidad.com.ar\/orientacion\/wp-content\/uploads\/2021\/12\/unicen-universidad-1536x1024.jpg 1536w, https:\/\/www.buscouniversidad.com.ar\/orientacion\/wp-content\/uploads\/2021\/12\/unicen-universidad-2048x1366.jpg 2048w, https:\/\/www.buscouniversidad.com.ar\/orientacion\/wp-content\/uploads\/2021\/12\/unicen-universidad-225x150.jpg 225w, https:\/\/www.buscouniversidad.com.ar\/orientacion\/wp-content\/uploads\/2021\/12\/unicen-universidad-150x100.jpg 150w, https:\/\/www.buscouniversidad.com.ar\/orientacion\/wp-content\/uploads\/2021\/12\/unicen-universidad-scaled.jpg 1080w\" sizes=\"(max-width: 1024px) 100vw, 1024px\" \/><\/figure>\n<p><\/p>\n<p><\/p>\n<p>Sus actividades se desarrollan en un Campus a s\u00f3lo 3 km del centro de la ciudad, donde los estudiantes pueden pasar el d\u00eda. El mismo cuenta con un Comedor Universitario, Biblioteca y amplios espacios verdes para que puedas reunirte con compa\u00f1eros y amigos. La Facultad tiene adem\u00e1s, una Chacra Experimental de 10 hect\u00e1reas donde se desarrollan actividades de docencia, investigaci\u00f3n y extensi\u00f3n.<\/p>\n<p><\/p>\n<p><\/p>\n<h2><span id=\"En_la_Facultad_de_Agronomia_de_la_UNICEN_podes_estudiar_las_siguientes_carreras\"><strong>En la Facultad de Agronom\u00eda de la UNICEN pod\u00e9s estudiar las siguientes carreras:<\/strong><\/span><\/h2>\n<p><\/p>\n<p><\/p>\n<h3>Ingenier\u00eda Agron\u00f3mica<\/h3>\n<p><\/p>\n<p><\/p>\n<p>El\/la profesional en Ingenier\u00eda Agron\u00f3mica trabaja en \u00e1mbitos rurales, asesorando a los productores agropecuarios para decidir el destino que se le dar\u00e1 a cada tipo de suelo, y las labores y actividades que deben desarrollarse para generar productos de calidad, minimizando el uso de insumos y resguardando la capacidad productiva del agroecosistema hacia el futuro. Conoce y entiende los procesos de crecimiento vegetal y animal, y controla los procesos de producci\u00f3n con un enfoque de sustentabilidad y resguardo de los recursos naturales.<\/p>\n<p><\/p>\n<p><\/p>\n<p>Esta carrera requiere 5 a\u00f1os de cursada, y como requisito final se debe aprobar una Pr\u00e1ctica Preprofesional de Integraci\u00f3n, que se puede realizar bajo diferentes modalidades. La mayor\u00eda de las asignaturas son te\u00f3rico-pr\u00e1cticas, con fuerte inserci\u00f3n en la realidad de la regi\u00f3n.<\/p>\n<p><\/p>\n<p><\/p>\n<h3>Licenciatura en Administraci\u00f3n Agraria<\/h3>\n<p><\/p>\n<p><\/p>\n<p>Un\/a Licenciado\/a en Administraci\u00f3n Agraria gestiona y controla empresas agropecuarias y agroindustriales, asesorando sobre el uso de recursos financieros, humanos y materiales y la eficiencia en los procesos.<\/p>\n<p><\/p>\n<p><\/p>\n<p>La obtenci\u00f3n de este t\u00edtulo requiere aprobar materias distribuidas en 4 a\u00f1os de cursada, m\u00e1s una Tesis. Todas las materias tienen la opci\u00f3n de rendirse en condici\u00f3n de libre, es decir, sin necesidad de cursar las asignaturas.&nbsp;<\/p>\n<p><\/p>\n<p><\/p>\n<h3>Tecnicatura Universitaria en Administraci\u00f3n de Empresas Agropecuarias<\/h3>\n<p><\/p>\n<p><\/p>\n<p>El\/la T\u00e9cnico\/a Universitario\/a en Administraci\u00f3n de Empresas Agropecuarias est\u00e1 capacitado\/a para integrar equipos de trabajo bajo la direcci\u00f3n de un\/a Licenciado\/a en Administraci\u00f3n.<\/p>\n<p><\/p>\n<p><\/p>\n<p>Este t\u00edtulo intermedio se obtiene habiendo aprobado las materias de los dos primeros a\u00f1os de Licenciatura en Administraci\u00f3n Agraria, m\u00e1s la realizaci\u00f3n y defensa de un Trabajo de Integraci\u00f3n.<\/p>\n<p><\/p>\n<p><\/p>\n<h3>Licenciatura en Tecnolog\u00eda de los Alimentos (Menci\u00f3n en Producci\u00f3n de Materia Prima de Origen Vegetal)<\/h3>\n<p><\/p>\n<p><\/p>\n<p>El Licenciado\/a en Tecnolog\u00eda de los Alimentos dise\u00f1a, dirige y controla los procesos industriales a trav\u00e9s de los cuales se generan los alimentos que consumimos diariamente. La calidad del producto y la eficiencia de los procesos son su principal motivaci\u00f3n. Su labor profesional garantiza la inocuidad y seguridad de los alimentos y de las personas involucradas en su procesamiento.&nbsp;<\/p>\n<p><\/p>\n<p><\/p>\n<p>La Licenciatura en Tecnolog\u00eda de los Alimentos tiene 4 a\u00f1os de cursada, con la defensa de un Trabajo Final. El cuarto y \u00faltimo a\u00f1o puede cursarse en las sedes de Olavarr\u00eda o Tandil si se quieren obtener otras menciones.&nbsp;<\/p>\n<p><\/p>\n<p><\/p>\n<h3>Tecnicatura Universitaria en Tecnolog\u00eda de los Alimentos<\/h3>\n<p><\/p>\n<p><\/p>\n<p>Con los 3 primeros a\u00f1os de la carrera de Licenciatura en Tecnolog\u00eda de los Alimentos, m\u00e1s un Trabajo Integrador, podr\u00e1s solicitar el t\u00edtulo intermedio de T\u00e9cnico Universitario en Tecnolog\u00eda de los Alimentos.<\/p>\n<p><\/p>\n<p><\/p>\n<p>Este t\u00edtulo habilita para trabajar en la industria alimentaria bajo la direcci\u00f3n de un\/a Licenciado\/a en Tecnolog\u00eda de los Alimentos.&nbsp;<\/p>\n<p><\/p>\n<p><\/p>\n<h3>Profesorado en Ciencias Biol\u00f3gicas<\/h3>\n<p><\/p>\n<p><\/p>\n<p>Un\/a Profesor\/a en Ciencias Biol\u00f3gicas egresado\/a de la Facultad obtiene en su formaci\u00f3n m\u00faltiples recursos para desarrollar actividades pedag\u00f3gicas y de investigaci\u00f3n sobre temas biol\u00f3gicos, de ambiente, biodiversidad y sustentabilidad. El t\u00edtulo habilita para ser docente del nivel secundario, terciario o universitario.&nbsp;<\/p>\n<p><\/p>\n<p><\/p>\n<p>Esta carrera consta de 4 a\u00f1os de cursadas m\u00e1s un Trabajo Final de Graduaci\u00f3n, adem\u00e1s de las pr\u00e1cticas docentes que se realizan en establecimientos de la ciudad.<\/p>\n<p><\/p>\n<p><\/p>\n<h2><span id=\"Carreras_de_posgrado\"><strong>Carreras de posgrado<\/strong><\/span><\/h2>\n<p><\/p>\n<p><\/p>\n<h3>Doctorado en Ciencias Agrarias<\/h3>\n<p><\/p>\n<p><\/p>\n<p>Se trata de una carrera semiestructurada que ofrece una respuesta concreta al desaf\u00edo y necesidad de nuestra regi\u00f3n de lograr una producci\u00f3n agr\u00edcola sustentable. Integra formaci\u00f3n cient\u00edfica, t\u00e9cnica y social para graduados universitarios que orienten su actividad a la producci\u00f3n sostenible, competitiva, cumpliendo con los requisitos de calidad exigidos por la sociedad en el marco de las normativas agroambientales vigentes.<\/p>\n<p><\/p>\n<p><\/p>\n<h3>Maestr\u00eda en Teledetecci\u00f3n y Sistemas de Informaci\u00f3n Geogr\u00e1fica&nbsp;<\/h3>\n<p><\/p>\n<p><\/p>\n<p>Es una carrera acreditada y categorizada por CONEAU, de 3 a\u00f1os de duraci\u00f3n, cuyo objetivo es formar profesionales capacitados en el uso de la teledetecci\u00f3n y sistemas de informaci\u00f3n geogr\u00e1fica, adem\u00e1s del dise\u00f1o, puesta en marcha, ejecuci\u00f3n, mantenimiento y actualizaci\u00f3n de proyectos relacionados a esta tem\u00e1tica. El eje de la maestr\u00eda es el uso aplicado de herramientas de teledetecci\u00f3n y SIG para su aplicaci\u00f3n a diversos campos del conocimiento.<\/p>\n<p><\/p>\n<p><\/p>\n<h3>Maestr\u00eda en Administraci\u00f3n Agroalimentaria<\/h3>\n<p><\/p>\n<p><\/p>\n<p>Esta propuesta acad\u00e9mica se dicta en forma conjunta con la Universidad Nacional de La Pampa, alternando un ciclo en cada sede (Azul &#8211; Santa Rosa). Consta de 2 a\u00f1os de duraci\u00f3n y es una maestr\u00eda profesional, estructurada, con presentaci\u00f3n de trabajo final. El egresado posee un perfil con capacidades para el abordaje sist\u00e9mico de problemas y diferentes tem\u00e1ticas relacionados a la toma de decisiones en el sector agroalimentario local y regional, con la mirada integral de la cadena de producci\u00f3n. Obtiene una s\u00f3lida formaci\u00f3n en conocimientos te\u00f3ricos, metodol\u00f3gicos y emp\u00edricos que le permiten interpretar las principales variables en distintos niveles de la econom\u00eda, comercializaci\u00f3n y la administraci\u00f3n. Estos aspectos favorecen el ejercicio profesional, complement\u00e1ndolo con el an\u00e1lisis de variables y factores multidisciplinarios y resultados en condiciones de riesgo e incertidumbre.<\/p>\n<p><\/p>\n<p><\/p>\n<h2><span id=\"Diplomaturas\"><strong>Diplomaturas<\/strong><\/span><\/h2>\n<p><\/p>\n<p><\/p>\n<h3>Para profesionales:<\/h3>\n<p><\/p>\n<p><\/p>\n<p>Diplomatura Universitaria Superior en Gesti\u00f3n de Empresas Agroindustriales<\/p>\n<p><\/p>\n<p><\/p>\n<h3>De pregrado:<\/h3>\n<p><\/p>\n<p><\/p>\n<p>Diplomatura Universitaria en Producciones Vegetales Intensivas<\/p>\n<p><\/p>\n<p><\/p>\n<figure class=\"wp-block-embed is-type-video is-provider-youtube wp-block-embed-youtube wp-embed-aspect-16-9 wp-has-aspect-ratio\">\n<div class=\"wp-block-embed__wrapper\">\n<iframe title=\"Facultad de Agronom\u00eda UNICEN\" width=\"920\" height=\"518\" src=\"https:\/\/www.youtube.com\/embed\/DLQpyT4dhjc?feature=oembed\" frameborder=\"0\" allow=\"accelerometer; autoplay; clipboard-write; encrypted-media; gyroscope; picture-in-picture\" allowfullscreen><\/iframe>\n<\/div>\n<\/figure>\n<p><\/p>\n<p><\/p>\n<p>Si la Facultad de Agronom\u00eda de la UNICEN es una de tus opciones preferidas para estudiar, segu\u00ed leyendo la entrevista a la Sra.<strong><em> Vicedecana, Ing. Agr. (M. Sc.) Ana Mar\u00eda Piazza<\/em><\/strong> para que conozcas a la Facultad desde su interior. Adem\u00e1s, puedes ingresar a servicios en <a href=\"http:\/\/www.faa.unicen.edu.ar\" target=\"_blank\" rel=\"noreferrer noopener\">www.faa.unicen.edu.ar<\/a> o comun\u00edcate a futuros.estudiantes@azul.faa.unicen.edu.ar para conocer m\u00e1s acerca de las carreras.&nbsp;<\/p>\n<p><\/p>\n<p><\/p>\n<p><strong>\u00bfQu\u00e9 papel cumple como Vicedecana? \u00bfC\u00f3mo describir\u00eda su trabajo y su v\u00ednculo con la universidad?<\/strong><\/p>\n<p><\/p>\n<p><\/p>\n<p>He sido estudiante y luego docente-investigador con dedicaci\u00f3n exclusiva en esta Facultad desde hace 36 a\u00f1os, por lo que me encuentro muy identificada con la instituci\u00f3n y con su comunidad acad\u00e9mica.&nbsp;<\/p>\n<p><\/p>\n<p><\/p>\n<p><strong>\u00bfCu\u00e1les son las principales aspiraciones de la Facultad de Agronom\u00eda de la UNICEN respecto a la formaci\u00f3n de sus alumnos?<\/strong><\/p>\n<p><\/p>\n<p><\/p>\n<p>La Facultad tiene por objetivo formar profesionales capacitados para dar respuesta a las problem\u00e1ticas propias de su carrera, capaces de tomar decisiones en base a informaci\u00f3n cient\u00edfica y adecuar modelos de pensamiento a las situaciones reales, con gran vinculaci\u00f3n con los \u00e1mbitos propios de su profesi\u00f3n.<\/p>\n<p><\/p>\n<p><\/p>\n<p><strong>\u00bfLa Facultad est\u00e1 involucrada en alg\u00fan proyecto o programa que permita fortalecer la calidad educativa?<\/strong><\/p>\n<p><\/p>\n<p><\/p>\n<p>Nuestra Facultad ha venido participando de los procesos de acreditaci\u00f3n acad\u00e9mica dispuestos por la Secretar\u00eda de Pol\u00edticas Universitarias desde el a\u00f1o 2004, a trav\u00e9s de la carrera de Ingenier\u00eda Agron\u00f3mica, de las carreras de posgrado y de la evaluaci\u00f3n de la Universidad Nacional del Centro de la Provincia de Buenos Aires, por lo que se encuentra en permanente fortalecimiento de su calidad educativa.<\/p>\n<p><\/p>\n<p><\/p>\n<p><strong>\u00bfCu\u00e1l es la carrera m\u00e1s elegida por los estudiantes de la Facultad de Agronom\u00eda de la UNICEN?<\/strong><\/p>\n<p><\/p>\n<p><\/p>\n<p>Las dos carreras mayoritarias en cantidad de alumnos son Ingenier\u00eda Agron\u00f3mica y Licenciatura en Administraci\u00f3n de Empresas Agropecuarias.&nbsp;<\/p>\n<p><\/p>\n<p><\/p>\n<p><strong>La pandemia afect\u00f3 al mundo acad\u00e9mico. \u00bfPudieron adaptar su modalidad de ense\u00f1anza a la virtualidad?<\/strong><\/p>\n<p><\/p>\n<p><\/p>\n<p>Durante estos dos a\u00f1os de pandemia, en nuestra Facultad se pudo cumplir con todas las actividades de docencia en forma virtual en la primera etapa, y se recuperaron actividades en forma presencial e h\u00edbrida en el \u00faltimo cuatrimestre de 2022, considerando que la mayor\u00eda de nuestras carreras requieren de presencialidad por las actividades pr\u00e1cticas que desarrollan nuestros estudiantes.&nbsp;<\/p>\n<p><\/p>\n<p><\/p>\n<p>Las actividades iniciar\u00e1n el 7 de febrero de 2022, de forma presencial, pero aprovechando las herramientas tecnol\u00f3gicas desarrolladas durante el periodo de pandemia como apoyo a la docencia.<\/p>\n<p><\/p>\n<p><\/p>\n<p><strong>A futuro, \u00bfcu\u00e1les son los planes en materia de nuevas propuestas y difusi\u00f3n del conocimiento?<\/strong><\/p>\n<p><\/p>\n<p><\/p>\n<p>En los pr\u00f3ximos a\u00f1os, la Facultad estar\u00e1 revisando y actualizando las curr\u00edculas de sus carreras, e ingresando en una nueva etapa de acreditaci\u00f3n de la carrera de Ingenier\u00eda Agron\u00f3mica. Paralelamente, est\u00e1n aumentando las ofertas de carreras de posgrado y diplomaturas, y las actividades de extensi\u00f3n y transferencia en la forma de jornadas de actualizaci\u00f3n, cursos de capacitaci\u00f3n, conferencias y vinculaci\u00f3n interinstitucional.<\/p>\n<p><\/p>\n","protected":false},"excerpt":{"rendered":"<p>Si est\u00e1s pensando estudiar algo relacionado a la Agronom\u00eda, lee la entrevista que realizamos a Ana Mar\u00eda Piazza, actual Vicedecana de la Facultad de Agronom\u00eda de la UNICEN y conoce mucho m\u00e1s sobre sus or\u00edgenes y las ofertas educativas que brinda.&nbsp;<\/p>\n","protected":false},"author":7,"featured_media":3871,"comment_status":"closed","ping_status":"closed","sticky":false,"template":"","format":"standard","meta":[],"categories":[482],"tags":[507,516],"yoast_head":"<!-- This site is optimized with the Yoast SEO plugin v17.2 - https:\/\/yoast.com\/wordpress\/plugins\/seo\/ -->\n<title>Conoce a fondo la Facultad de Agronom\u00eda de la Universidad Nacional del Centro de la Provincia de Buenos Aires - Buscouniversidad.com.ar<\/title>\n<meta name=\"description\" content=\"\u00bfPensando estudiar Agronom\u00eda? Lee la entrevista a la Vicedecana de la Facultad de Agronom\u00eda de la UNICEN y conoce todo sobre la instituci\u00f3n.\" \/>\n<meta name=\"robots\" content=\"index, follow, max-snippet:-1, max-image-preview:large, max-video-preview:-1\" \/>\n<link rel=\"canonical\" href=\"https:\/\/www.buscouniversidad.com.ar\/orientacion\/entrevista-directivo-facultad-de-agronomia-unicen\/\" \/>\n<meta property=\"og:locale\" content=\"es_ES\" \/>\n<meta property=\"og:type\" content=\"article\" \/>\n<meta property=\"og:title\" content=\"Conoce a fondo la Facultad de Agronom\u00eda de la Universidad Nacional del Centro de la Provincia de Buenos Aires - Buscouniversidad.com.ar\" \/>\n<meta property=\"og:description\" content=\"\u00bfPensando estudiar Agronom\u00eda? Lee la entrevista a la Vicedecana de la Facultad de Agronom\u00eda de la UNICEN y conoce todo sobre la instituci\u00f3n.\" \/>\n<meta property=\"og:url\" content=\"https:\/\/www.buscouniversidad.com.ar\/orientacion\/entrevista-directivo-facultad-de-agronomia-unicen\/\" \/>\n<meta property=\"og:site_name\" content=\"Buscouniversidad.com.ar\" \/>\n<meta property=\"article:publisher\" content=\"https:\/\/www.facebook.com\/buscouniversidadcomar\" \/>\n<meta property=\"article:published_time\" content=\"2021-12-02T16:08:52+00:00\" \/>\n<meta property=\"article:modified_time\" content=\"2022-02-16T20:15:40+00:00\" \/>\n<meta name=\"twitter:card\" content=\"summary\" \/>\n<meta name=\"twitter:image\" content=\"https:\/\/www.buscouniversidad.com.ar\/orientacion\/wp-content\/uploads\/2021\/12\/unicen-universidad-scaled.jpg\" \/>\n<meta name=\"twitter:label1\" content=\"Written by\" \/>\n\t<meta name=\"twitter:data1\" content=\"Lucila Voccia\" \/>\n\t<meta name=\"twitter:label2\" content=\"Est. reading time\" \/>\n\t<meta name=\"twitter:data2\" content=\"7 minutos\" \/>\n<script type=\"application\/ld+json\" class=\"yoast-schema-graph\">{\"@context\":\"https:\/\/schema.org\",\"@graph\":[{\"@type\":\"WebSite\",\"@id\":\"https:\/\/www.buscouniversidad.com.ar\/orientacion\/#website\",\"url\":\"https:\/\/www.buscouniversidad.com.ar\/orientacion\/\",\"name\":\"Buscouniversidad.com.ar\",\"description\":\"\",\"potentialAction\":[{\"@type\":\"SearchAction\",\"target\":{\"@type\":\"EntryPoint\",\"urlTemplate\":\"https:\/\/www.buscouniversidad.com.ar\/orientacion\/?s={search_term_string}\"},\"query-input\":\"required name=search_term_string\"}],\"inLanguage\":\"es-AR\"},{\"@type\":\"ImageObject\",\"@id\":\"https:\/\/www.buscouniversidad.com.ar\/orientacion\/entrevista-directivo-facultad-de-agronomia-unicen\/#primaryimage\",\"inLanguage\":\"es-AR\",\"url\":\"\",\"contentUrl\":\"\"},{\"@type\":\"WebPage\",\"@id\":\"https:\/\/www.buscouniversidad.com.ar\/orientacion\/entrevista-directivo-facultad-de-agronomia-unicen\/#webpage\",\"url\":\"https:\/\/www.buscouniversidad.com.ar\/orientacion\/entrevista-directivo-facultad-de-agronomia-unicen\/\",\"name\":\"Conoce a fondo la Facultad de Agronom\\u00eda de la Universidad Nacional del Centro de la Provincia de Buenos Aires - Buscouniversidad.com.ar\",\"isPartOf\":{\"@id\":\"https:\/\/www.buscouniversidad.com.ar\/orientacion\/#website\"},\"primaryImageOfPage\":{\"@id\":\"https:\/\/www.buscouniversidad.com.ar\/orientacion\/entrevista-directivo-facultad-de-agronomia-unicen\/#primaryimage\"},\"datePublished\":\"2021-12-02T16:08:52+00:00\",\"dateModified\":\"2022-02-16T20:15:40+00:00\",\"author\":{\"@id\":\"https:\/\/www.buscouniversidad.com.ar\/orientacion\/#\/schema\/person\/5578a144e9a582f30bfdd86f0a47c5aa\"},\"description\":\"\\u00bfPensando estudiar Agronom\\u00eda? Lee la entrevista a la Vicedecana de la Facultad de Agronom\\u00eda de la UNICEN y conoce todo sobre la instituci\\u00f3n.\",\"breadcrumb\":{\"@id\":\"https:\/\/www.buscouniversidad.com.ar\/orientacion\/entrevista-directivo-facultad-de-agronomia-unicen\/#breadcrumb\"},\"inLanguage\":\"es-AR\",\"potentialAction\":[{\"@type\":\"ReadAction\",\"target\":[\"https:\/\/www.buscouniversidad.com.ar\/orientacion\/entrevista-directivo-facultad-de-agronomia-unicen\/\"]}]},{\"@type\":\"BreadcrumbList\",\"@id\":\"https:\/\/www.buscouniversidad.com.ar\/orientacion\/entrevista-directivo-facultad-de-agronomia-unicen\/#breadcrumb\",\"itemListElement\":[{\"@type\":\"ListItem\",\"position\":1,\"name\":\"Home\",\"item\":\"https:\/\/www.buscouniversidad.com.ar\/orientacion\/\"},{\"@type\":\"ListItem\",\"position\":2,\"name\":\"Conoce a fondo la Facultad de Agronom\\u00eda de la Universidad Nacional del Centro de la Provincia de Buenos Aires\"}]},{\"@type\":\"Person\",\"@id\":\"https:\/\/www.buscouniversidad.com.ar\/orientacion\/#\/schema\/person\/5578a144e9a582f30bfdd86f0a47c5aa\",\"name\":\"Lucila Voccia\",\"image\":{\"@type\":\"ImageObject\",\"@id\":\"https:\/\/www.buscouniversidad.com.ar\/orientacion\/#personlogo\",\"inLanguage\":\"es-AR\",\"url\":\"https:\/\/secure.gravatar.com\/avatar\/15276fbf032eca650ecc1822cf278130?s=96&d=mm&r=g\",\"contentUrl\":\"https:\/\/secure.gravatar.com\/avatar\/15276fbf032eca650ecc1822cf278130?s=96&d=mm&r=g\",\"caption\":\"Lucila Voccia\"},\"url\":\"https:\/\/www.buscouniversidad.com.ar\/orientacion\/author\/lucila-voccia\/\"}]}<\/script>\n<!-- \/ Yoast SEO plugin. -->","yoast_head_json":{"title":"Conoce a fondo la Facultad de Agronom\u00eda de la Universidad Nacional del Centro de la Provincia de Buenos Aires - Buscouniversidad.com.ar","description":"\u00bfPensando estudiar Agronom\u00eda? Lee la entrevista a la Vicedecana de la Facultad de Agronom\u00eda de la UNICEN y conoce todo sobre la instituci\u00f3n.","robots":{"index":"index","follow":"follow","max-snippet":"max-snippet:-1","max-image-preview":"max-image-preview:large","max-video-preview":"max-video-preview:-1"},"canonical":"https:\/\/www.buscouniversidad.com.ar\/orientacion\/entrevista-directivo-facultad-de-agronomia-unicen\/","og_locale":"es_ES","og_type":"article","og_title":"Conoce a fondo la Facultad de Agronom\u00eda de la Universidad Nacional del Centro de la Provincia de Buenos Aires - Buscouniversidad.com.ar","og_description":"\u00bfPensando estudiar Agronom\u00eda? Lee la entrevista a la Vicedecana de la Facultad de Agronom\u00eda de la UNICEN y conoce todo sobre la instituci\u00f3n.","og_url":"https:\/\/www.buscouniversidad.com.ar\/orientacion\/entrevista-directivo-facultad-de-agronomia-unicen\/","og_site_name":"Buscouniversidad.com.ar","article_publisher":"https:\/\/www.facebook.com\/buscouniversidadcomar","article_published_time":"2021-12-02T16:08:52+00:00","article_modified_time":"2022-02-16T20:15:40+00:00","twitter_card":"summary","twitter_image":"https:\/\/www.buscouniversidad.com.ar\/orientacion\/wp-content\/uploads\/2021\/12\/unicen-universidad-scaled.jpg","twitter_misc":{"Written by":"Lucila Voccia","Est. reading time":"7 minutos"},"schema":{"@context":"https:\/\/schema.org","@graph":[{"@type":"WebSite","@id":"https:\/\/www.buscouniversidad.com.ar\/orientacion\/#website","url":"https:\/\/www.buscouniversidad.com.ar\/orientacion\/","name":"Buscouniversidad.com.ar","description":"","potentialAction":[{"@type":"SearchAction","target":{"@type":"EntryPoint","urlTemplate":"https:\/\/www.buscouniversidad.com.ar\/orientacion\/?s={search_term_string}"},"query-input":"required name=search_term_string"}],"inLanguage":"es-AR"},{"@type":"ImageObject","@id":"https:\/\/www.buscouniversidad.com.ar\/orientacion\/entrevista-directivo-facultad-de-agronomia-unicen\/#primaryimage","inLanguage":"es-AR","url":"","contentUrl":""},{"@type":"WebPage","@id":"https:\/\/www.buscouniversidad.com.ar\/orientacion\/entrevista-directivo-facultad-de-agronomia-unicen\/#webpage","url":"https:\/\/www.buscouniversidad.com.ar\/orientacion\/entrevista-directivo-facultad-de-agronomia-unicen\/","name":"Conoce a fondo la Facultad de Agronom\u00eda de la Universidad Nacional del Centro de la Provincia de Buenos Aires - Buscouniversidad.com.ar","isPartOf":{"@id":"https:\/\/www.buscouniversidad.com.ar\/orientacion\/#website"},"primaryImageOfPage":{"@id":"https:\/\/www.buscouniversidad.com.ar\/orientacion\/entrevista-directivo-facultad-de-agronomia-unicen\/#primaryimage"},"datePublished":"2021-12-02T16:08:52+00:00","dateModified":"2022-02-16T20:15:40+00:00","author":{"@id":"https:\/\/www.buscouniversidad.com.ar\/orientacion\/#\/schema\/person\/5578a144e9a582f30bfdd86f0a47c5aa"},"description":"\u00bfPensando estudiar Agronom\u00eda? Lee la entrevista a la Vicedecana de la Facultad de Agronom\u00eda de la UNICEN y conoce todo sobre la instituci\u00f3n.","breadcrumb":{"@id":"https:\/\/www.buscouniversidad.com.ar\/orientacion\/entrevista-directivo-facultad-de-agronomia-unicen\/#breadcrumb"},"inLanguage":"es-AR","potentialAction":[{"@type":"ReadAction","target":["https:\/\/www.buscouniversidad.com.ar\/orientacion\/entrevista-directivo-facultad-de-agronomia-unicen\/"]}]},{"@type":"BreadcrumbList","@id":"https:\/\/www.buscouniversidad.com.ar\/orientacion\/entrevista-directivo-facultad-de-agronomia-unicen\/#breadcrumb","itemListElement":[{"@type":"ListItem","position":1,"name":"Home","item":"https:\/\/www.buscouniversidad.com.ar\/orientacion\/"},{"@type":"ListItem","position":2,"name":"Conoce a fondo la Facultad de Agronom\u00eda de la Universidad Nacional del Centro de la Provincia de Buenos Aires"}]},{"@type":"Person","@id":"https:\/\/www.buscouniversidad.com.ar\/orientacion\/#\/schema\/person\/5578a144e9a582f30bfdd86f0a47c5aa","name":"Lucila Voccia","image":{"@type":"ImageObject","@id":"https:\/\/www.buscouniversidad.com.ar\/orientacion\/#personlogo","inLanguage":"es-AR","url":"https:\/\/secure.gravatar.com\/avatar\/15276fbf032eca650ecc1822cf278130?s=96&d=mm&r=g","contentUrl":"https:\/\/secure.gravatar.com\/avatar\/15276fbf032eca650ecc1822cf278130?s=96&d=mm&r=g","caption":"Lucila Voccia"},"url":"https:\/\/www.buscouniversidad.com.ar\/orientacion\/author\/lucila-voccia\/"}]}},"_links":{"self":[{"href":"https:\/\/www.buscouniversidad.com.ar\/orientacion\/wp-json\/wp\/v2\/posts\/3649"}],"collection":[{"href":"https:\/\/www.buscouniversidad.com.ar\/orientacion\/wp-json\/wp\/v2\/posts"}],"about":[{"href":"https:\/\/www.buscouniversidad.com.ar\/orientacion\/wp-json\/wp\/v2\/types\/post"}],"author":[{"embeddable":true,"href":"https:\/\/www.buscouniversidad.com.ar\/orientacion\/wp-json\/wp\/v2\/users\/7"}],"replies":[{"embeddable":true,"href":"https:\/\/www.buscouniversidad.com.ar\/orientacion\/wp-json\/wp\/v2\/comments?post=3649"}],"version-history":[{"count":3,"href":"https:\/\/www.buscouniversidad.com.ar\/orientacion\/wp-json\/wp\/v2\/posts\/3649\/revisions"}],"predecessor-version":[{"id":3873,"href":"https:\/\/www.buscouniversidad.com.ar\/orientacion\/wp-json\/wp\/v2\/posts\/3649\/revisions\/3873"}],"wp:featuredmedia":[{"embeddable":true,"href":"https:\/\/www.buscouniversidad.com.ar\/orientacion\/wp-json\/wp\/v2\/media\/3871"}],"wp:attachment":[{"href":"https:\/\/www.buscouniversidad.com.ar\/orientacion\/wp-json\/wp\/v2\/media?parent=3649"}],"wp:term":[{"taxonomy":"category","embeddable":true,"href":"https:\/\/www.buscouniversidad.com.ar\/orientacion\/wp-json\/wp\/v2\/categories?post=3649"},{"taxonomy":"post_tag","embeddable":true,"href":"https:\/\/www.buscouniversidad.com.ar\/orientacion\/wp-json\/wp\/v2\/tags?post=3649"}],"curies":[{"name":"wp","href":"https:\/\/api.w.org\/{rel}","templated":true}]}}