{"id":3660,"date":"2021-12-06T11:56:08","date_gmt":"2021-12-06T14:56:08","guid":{"rendered":"https:\/\/www.buscouniversidad.com.ar\/orientacion\/?p=3660"},"modified":"2022-02-16T17:13:15","modified_gmt":"2022-02-16T20:13:15","slug":"entrevista-directivo-universidad-nacional-de-rio-negro","status":"publish","type":"post","link":"https:\/\/www.buscouniversidad.com.ar\/orientacion\/entrevista-directivo-universidad-nacional-de-rio-negro\/","title":{"rendered":"Entrevista a directivo de la Universidad Nacional de R\u00edo Negro"},"content":{"rendered":"<p><\/p>\n<p>En este art\u00edculo entrevistamos a <strong>Carlos Bezic<\/strong>, actual <strong>Secretario de Docencia, Extensi\u00f3n y Vida Estudiantil<\/strong> <strong>de la UNRN<\/strong>. Segu\u00ed leyendo para conocer todo sobre la Universidad Nacional de R\u00edo Negro.<\/p>\n<p><\/p>\n<p><br \/>\n<!--more--><br \/>\n<\/p>\n<p><\/p>\n<figure class=\"wp-block-embed is-type-video is-provider-youtube wp-block-embed-youtube wp-embed-aspect-16-9 wp-has-aspect-ratio\">\n<div class=\"wp-block-embed__wrapper\">\n<iframe title=\"Somos UNRN\" width=\"920\" height=\"518\" src=\"https:\/\/www.youtube.com\/embed\/bg37r9CsL4Q?feature=oembed\" frameborder=\"0\" allow=\"accelerometer; autoplay; clipboard-write; encrypted-media; gyroscope; picture-in-picture\" allowfullscreen><\/iframe>\n<\/div>\n<\/figure>\n<p><\/p>\n<p><\/p>\n<div id=\"toc_container\" class=\"no_bullets\"><p class=\"toc_title\">&Iacute;ndice<\/p><ul class=\"toc_list\"><li><a href=\"#Conoce_a_la_Universidad_Nacional_de_Rio_Negro\">Conoc\u00e9 a la Universidad Nacional de R\u00edo Negro<\/a><\/li><li><a href=\"#Cuales_son_los_principales_objetivos_o_aspiraciones_de_la_Universidad_Nacional_de_Rio_Negro_respecto_a_la_formacion_de_sus_alumnos\">\u00bfCu\u00e1les son los principales objetivos o aspiraciones de la Universidad Nacional de R\u00edo Negro respecto a la formaci\u00f3n de sus alumnos?<\/a><\/li><li><a href=\"#Podria_contarnos_de_que_se_trata_el_ciclo_de_complementacionnbsp\">\u00bfPodr\u00eda contarnos de qu\u00e9 se trata el ciclo de complementaci\u00f3n?&nbsp;<\/a><\/li><li><a href=\"#Cuantas_carreras_se_pueden_estudiar_en_la_UNRN_y_cuales_son_las_mas_demandadasnbsp\">\u00bfCu\u00e1ntas carreras se pueden estudiar en la UNRN y cu\u00e1les son las m\u00e1s demandadas?&nbsp;<\/a><\/li><li><a href=\"#Que_ventajas_tiene_estudiar_en_la_Universidad_Nacional_de_Rio_Negro\">\u00bfQu\u00e9 ventajas tiene estudiar en la Universidad Nacional de R\u00edo Negro?<\/a><\/li><li><a href=\"#A_los_14_anos_de_la_UNRN_Que_balance_hace_usted_respecto_al_logro_de_sus_fines_en_docencia_investigacion_e_innovacion\">A los 14 a\u00f1os de la UNRN, \u00bfQu\u00e9 balance hace usted respecto al logro de sus fines: en docencia, investigaci\u00f3n e innovaci\u00f3n?<\/a><\/li><li><a href=\"#Las_clases_presenciales_estan_retomando_Siente_que_las_mismas_volveran_a_ser_100_presenciales_o_el_formato_mixto_llego_para_quedarse\">Las clases presenciales est\u00e1n retomando. \u00bfSiente que las mismas volver\u00e1n a ser 100% presenciales o el formato mixto lleg\u00f3 para quedarse?<\/a><\/li><li><a href=\"#A_futuro_cuales_son_los_planes_en_materia_de_nuevas_propuestas_y_difusion_del_conocimiento\">A futuro, \u00bfcu\u00e1les son los planes en materia de nuevas propuestas y difusi\u00f3n del conocimiento?<\/a><\/li><\/ul><\/div>\n<h2><span id=\"Conoce_a_la_Universidad_Nacional_de_Rio_Negro\"><strong>Conoc\u00e9 a la Universidad Nacional de R\u00edo Negro<\/strong><\/span><\/h2>\n<p><\/p>\n<p><\/p>\n<p>La <strong>Universidad Nacional de R\u00edo Negro<\/strong> es una instituci\u00f3n de educaci\u00f3n superior, p\u00fablica y gratuita creada en 2008 con el objetivo de consolidarse como una universidad din\u00e1mica y emprendedora.<br \/>Tiene la finalidad de facilitar la profesionalizaci\u00f3n de los j\u00f3venes de la regi\u00f3n y promover la cultura. En poco tiempo, se ha convertido en una instituci\u00f3n prestigiosa, que lleva adelante tareas formativas, desarrolla competencias, potencia creatividades y promueve la transferencia de conocimiento hacia las econom\u00edas regionales.<\/p>\n<p><\/p>\n<p><\/p>\n<p>Luego de sus 14 a\u00f1os de existencia, la <a href=\"https:\/\/www.unrn.edu.ar\/\" target=\"_blank\" rel=\"noreferrer noopener\">UNRN<\/a> <strong>es reconocida como una instituci\u00f3n educativa con \u00e9nfasis en la ciencia como fuente de conocimiento<\/strong>, en la excelencia como el \u00fanico resultado aceptable, en la innovaci\u00f3n como actividad necesaria para el progreso y en la asociatividad como creadora de sinergia entre lo local y lo global.<\/p>\n<p><\/p>\n<p><\/p>\n<p>En la actualidad, la Universidad Nacional de R\u00edo Negro dispone de 66 carreras universitarias y alberga a m\u00e1s de 10 mil alumnos. Dentro de su oferta educativa, encontrar\u00e1s carreras de grado, carreras de grado de ciclo corto, posgrados y ciclo de complementaci\u00f3n.&nbsp;<\/p>\n<p><\/p>\n<p><\/p>\n<p>Si te interesa estudiar en la Universidad Nacional de R\u00edo Negro, te invitamos a leer la entrevista que realizamos a su <strong>Secretario de Docencia, Extensi\u00f3n y Vida Estudiantil,<\/strong> <strong>Carlos Bezic.<\/strong><\/p>\n<p><\/p>\n<p><\/p>\n<h2><span id=\"Cuales_son_los_principales_objetivos_o_aspiraciones_de_la_Universidad_Nacional_de_Rio_Negro_respecto_a_la_formacion_de_sus_alumnos\"><strong>\u00bfCu\u00e1les son los principales objetivos o aspiraciones de la Universidad Nacional de R\u00edo Negro respecto a la formaci\u00f3n de sus alumnos?<\/strong><\/span><\/h2>\n<p><\/p>\n<p><\/p>\n<p>Como en cualquier universidad, aspiramos a tener profesionales y egresados aptos para ejercer distintas disciplinas con calidad. Pero fundamentalmente, desde la Universidad apoyamos e insistimos en que tanto las pr\u00e1cticas acad\u00e9micas como las posteriores profesionales tengan como eje un alto grado de compromiso social. Ese enfoque, incluido en nuestro Estatuto, es fortalecido con las pr\u00e1cticas profesionales que se realizan desde el primer d\u00eda de cursada como con los proyectos de extensi\u00f3n. Los mismos se corresponden con la decisi\u00f3n institucional de participar activa y directamente en el desarrollo social de la provincia.&nbsp;<\/p>\n<p><\/p>\n<p><\/p>\n<p>Tienen como finalidad aportar al desarrollo local y regional y a la mejora de la calidad de vida de los habitantes de la provincia, a partir del desarrollo de actividades vinculadas a temas, necesidades y problemas del medio social, ambiental, productivo y organizacional del territorio; desde una visi\u00f3n acad\u00e9mica amplia e integrada con las pr\u00e1cticas de la docencia y la investigaci\u00f3n.<\/p>\n<p><\/p>\n<p><\/p>\n<h2><span id=\"Podria_contarnos_de_que_se_trata_el_ciclo_de_complementacionnbsp\"><strong>\u00bfPodr\u00eda contarnos de qu\u00e9 se trata el ciclo de complementaci\u00f3n?&nbsp;<\/strong><\/span><\/h2>\n<p><\/p>\n<p><\/p>\n<p>Los&nbsp;Ciclos de Complementaci\u00f3n son carreras que presentan como requisito especial para el ingreso que los aspirantes posean un t\u00edtulo previo af\u00edn con el \u00e1rea disciplinar del&nbsp;mismo. Est\u00e1n destinados a completar la formaci\u00f3n previa a fin de obtener un T\u00edtulo de Grado universitario, articulando ambos trayectos.<\/p>\n<p><\/p>\n<p><\/p>\n<h2><span id=\"Cuantas_carreras_se_pueden_estudiar_en_la_UNRN_y_cuales_son_las_mas_demandadasnbsp\"><strong>\u00bfCu\u00e1ntas carreras se pueden estudiar en la UNRN y cu\u00e1les son las m\u00e1s demandadas?&nbsp;<\/strong><\/span><\/h2>\n<p><\/p>\n<p><\/p>\n<p>Tenemos aproximadamente 60 carreras que pueden ser consultadas en la p\u00e1gina web de la Universidad. Las m\u00e1s demandadas hasta el momento son la Licenciatura de Criminolog\u00eda y Ciencias Forenses, la Lic. en Kinesiolog\u00eda y Fisiatr\u00eda, la de Administraci\u00f3n, Nutrici\u00f3n, por solo mencionar algunas.&nbsp;<\/p>\n<p><\/p>\n<p><\/p>\n<h2><span id=\"Que_ventajas_tiene_estudiar_en_la_Universidad_Nacional_de_Rio_Negro\"><strong>\u00bfQu\u00e9 ventajas tiene estudiar en la Universidad Nacional de R\u00edo Negro?<\/strong><\/span><\/h2>\n<p><\/p>\n<p><\/p>\n<p>En primer lugar podemos decir que en la Universidad se combina de manera atractiva para cualquier estudiante, la posibilidad de tener una formaci\u00f3n de alt\u00edsima calidad \u2013dan cuenta de ello el posicionamiento que tiene nuestra instituci\u00f3n en algunos rankings internacionales-, con un v\u00ednculo acad\u00e9mico entre el cuerpo docente y los estudiantes, muy personalizado. Al mismo tiempo, hacemos uso de los maravillosos entornos naturales que tenemos en la provincia, desde la cordillera hasta el mar. Esa capacidad natural de nuestro territorio est\u00e1 reforzada por pol\u00edticas de deporte y vida sana que implementamos y fomentamos desde nuestra Universidad.&nbsp;<\/p>\n<p><\/p>\n<p><\/p>\n<figure class=\"wp-block-image size-large\"><img width=\"1024\" height=\"683\" src=\"https:\/\/www.buscouniversidad.com.ar\/orientacion\/wp-content\/uploads\/2021\/12\/universidad-rio-negro-1024x683.jpg\" alt=\"universidad-rio-negro\" class=\"wp-image-3861\" srcset=\"https:\/\/www.buscouniversidad.com.ar\/orientacion\/wp-content\/uploads\/2021\/12\/universidad-rio-negro-1024x683.jpg 1024w, https:\/\/www.buscouniversidad.com.ar\/orientacion\/wp-content\/uploads\/2021\/12\/universidad-rio-negro-300x200.jpg 300w, https:\/\/www.buscouniversidad.com.ar\/orientacion\/wp-content\/uploads\/2021\/12\/universidad-rio-negro-768x512.jpg 768w, https:\/\/www.buscouniversidad.com.ar\/orientacion\/wp-content\/uploads\/2021\/12\/universidad-rio-negro-1536x1024.jpg 1536w, https:\/\/www.buscouniversidad.com.ar\/orientacion\/wp-content\/uploads\/2021\/12\/universidad-rio-negro-2048x1365.jpg 2048w, https:\/\/www.buscouniversidad.com.ar\/orientacion\/wp-content\/uploads\/2021\/12\/universidad-rio-negro-225x150.jpg 225w, https:\/\/www.buscouniversidad.com.ar\/orientacion\/wp-content\/uploads\/2021\/12\/universidad-rio-negro-150x100.jpg 150w, https:\/\/www.buscouniversidad.com.ar\/orientacion\/wp-content\/uploads\/2021\/12\/universidad-rio-negro-scaled.jpg 1080w\" sizes=\"(max-width: 1024px) 100vw, 1024px\" \/><\/figure>\n<p><\/p>\n<p><\/p>\n<h2><span id=\"A_los_14_anos_de_la_UNRN_Que_balance_hace_usted_respecto_al_logro_de_sus_fines_en_docencia_investigacion_e_innovacion\"><strong>A los 14 a\u00f1os de la UNRN, \u00bfQu\u00e9 balance hace usted respecto al logro de sus fines: en docencia, investigaci\u00f3n e innovaci\u00f3n?<\/strong><\/span><\/h2>\n<p><\/p>\n<p><\/p>\n<p>En la UNRN estamos convencidos que la consolidaci\u00f3n que ha tenido la universidad en estos a\u00f1os ha sido fundamental para cambiar el car\u00e1cter social, econ\u00f3mico y cultural de la provincia. R\u00edo Negro es, indudablemente, una provincia distinta desde que la Universidad permiti\u00f3 que miles de j\u00f3venes ya no tuvieran que migrar para formarse profesionalmente. Esa din\u00e1mica que ha inyectado movilidad social, vida a las ciudades y desarrollo en las econom\u00edas locales, est\u00e1 adem\u00e1s fortalecida por nuestro convencimiento que indica que&nbsp; la capacitaci\u00f3n y la asistencia t\u00e9cnica de las universidades nacionales a las micros, peque\u00f1as y medianas empresas de los distintos sectores productivos de la Provincia son claves para mejorar la competitividad. <\/p>\n<p><\/p>\n<p><\/p>\n<p>En ese sentido la UNRN -adem\u00e1s de fortalecer la trayectoria acad\u00e9mica de sus estudiantes, acompa\u00f1arlos para que culminen sus carreras, apoyarlos para que se inserten en el mercado laboral- tiene un trabajo intenso en investigaci\u00f3n y transferencia de conocimientos a las econom\u00edas locales. En ese marco, actualmente, desde diferentes l\u00edneas de trabajo estamos aportando para la mejora de la calidad de la producci\u00f3n y de la competitividad.&nbsp; Desde hace una d\u00e9cada y desde nuestras tres sedes, trabajamos con proyectos de vinculaci\u00f3n tecnol\u00f3gica con los distintos sectores econ\u00f3micos de la provincia, con el objetivo de mejorar la generaci\u00f3n de valor y&nbsp; optimizar la calidad de diversos sectores<\/p>\n<p><\/p>\n<p><\/p>\n<h2><span id=\"Las_clases_presenciales_estan_retomando_Siente_que_las_mismas_volveran_a_ser_100_presenciales_o_el_formato_mixto_llego_para_quedarse\"><strong>Las clases presenciales est\u00e1n retomando. \u00bfSiente que las mismas volver\u00e1n a ser 100% presenciales o el formato mixto lleg\u00f3 para quedarse?<\/strong><\/span><\/h2>\n<p><\/p>\n<p><\/p>\n<p>La disrupci\u00f3n de la docencia universitaria que implic\u00f3 una adopci\u00f3n forzada de la modalidad virtual supuso un enorme desaf\u00edo y descubri\u00f3 nuevos obst\u00e1culos (el impacto del distanciamiento social, la reorganizaci\u00f3n del trabajo docente en el entorno remoto, limitaciones de la conectividad en la regi\u00f3n) y agudiz\u00f3 lo relativo a las condiciones educativas de la poblaci\u00f3n estudiantil seg\u00fan sus variables de perfil social, econ\u00f3mico y cultural. Entre las fortalezas se pudo observar que las capacidades previas de la instituci\u00f3n facilitaron mucho el tr\u00e1nsito a la docencia bajo modalidad remota en la emergencia. Entre ellas: la acreditaci\u00f3n del sistema de educaci\u00f3n a distancia de la Universidad, el funcionamiento de aulas virtuales para uso voluntario del plantel docente, as\u00ed como las capacidades del \u00e1rea de educaci\u00f3n a distancia, hicieron posible la readecuaci\u00f3n a la educaci\u00f3n remota en la emergencia. <\/p>\n<p><\/p>\n<p><\/p>\n<p>Mientras otras universidades del sistema no contaban con capacidades en esta \u00e1rea y tuvieron apreciables p\u00e9rdidas de tiempo para reconvertirse a la nueva modalidad, la UNRN no tuvo tiempos muertos y ello posibilit\u00f3 que se alcanzaran muy buenos resultados de aprendizaje. Ya hacia fines del 2020 fuimos volviendo a la presencialidad en las materias que demandan alto grado de experimentalidad. Nuestro Consejo Superior ya reglament\u00f3 la vuelta a la presencialidad plena para el nuevo ciclo pero estamos fortaleciendo de todas maneras un formato h\u00edbrido.&nbsp;<\/p>\n<p><\/p>\n<p><\/p>\n<h2><span id=\"A_futuro_cuales_son_los_planes_en_materia_de_nuevas_propuestas_y_difusion_del_conocimiento\"><strong>A futuro, \u00bfcu\u00e1les son los planes en materia de nuevas propuestas y difusi\u00f3n del conocimiento?<\/strong><\/span><\/h2>\n<p><\/p>\n<p><\/p>\n<p>La Universidad Nacional de R\u00edo Negro tiene una amplia oferta educativa, tanto de carreras de ciclo corto como de ciclo largo y posgrados, que tienen una estrecha relaci\u00f3n con los entornos socio productivos y culturales de cada una de las regiones provinciales en las que se dictan. Actualmente la Universidad vivencia un proceso de mejora de la oferta acad\u00e9mica de grado adecu\u00e1ndola al proyecto institucional y a las tendencias internacionales, m\u00e1s que impulsar su ampliaci\u00f3n. El aporte sustantivo de la universidad a la cobertura de vacancia formativa en la zona patag\u00f3nica lo constituye la creaci\u00f3n de la carrera de Medicina en la Sede Andina cuya apertura est\u00e1 prevista para 2022. La totalidad de las carreras ofrecidas por la Universidad cuentan con el otorgamiento del reconocimiento oficial y la consecuente validez nacional de sus t\u00edtulos.&nbsp;<\/p>\n<p><\/p>\n","protected":false},"excerpt":{"rendered":"<p>En este art\u00edculo entrevistamos a Carlos Bezic, actual Secretario de Docencia, Extensi\u00f3n y Vida Estudiantil de la UNRN. Segu\u00ed leyendo para conocer todo sobre la Universidad Nacional de R\u00edo Negro.<\/p>\n","protected":false},"author":7,"featured_media":3861,"comment_status":"closed","ping_status":"closed","sticky":false,"template":"","format":"standard","meta":[],"categories":[482],"tags":[507,518],"yoast_head":"<!-- This site is optimized with the Yoast SEO plugin v17.2 - https:\/\/yoast.com\/wordpress\/plugins\/seo\/ -->\n<title>Entrevista a directivo de la Universidad Nacional de R\u00edo Negro - Buscouniversidad.com.ar<\/title>\n<meta name=\"description\" content=\"En este nota entrevistamos a Carlos Bezic, Secretario Acad\u00e9mico de la UNRN. Ingres\u00e1 y conoc\u00e9 todo sobre la Universidad Nacional de R\u00edo Negro.\" \/>\n<meta name=\"robots\" content=\"index, follow, max-snippet:-1, max-image-preview:large, max-video-preview:-1\" \/>\n<link rel=\"canonical\" href=\"https:\/\/www.buscouniversidad.com.ar\/orientacion\/entrevista-directivo-universidad-nacional-de-rio-negro\/\" \/>\n<meta property=\"og:locale\" content=\"es_ES\" \/>\n<meta property=\"og:type\" content=\"article\" \/>\n<meta property=\"og:title\" content=\"Entrevista a directivo de la Universidad Nacional de R\u00edo Negro - Buscouniversidad.com.ar\" \/>\n<meta property=\"og:description\" content=\"En este nota entrevistamos a Carlos Bezic, Secretario Acad\u00e9mico de la UNRN. Ingres\u00e1 y conoc\u00e9 todo sobre la Universidad Nacional de R\u00edo Negro.\" \/>\n<meta property=\"og:url\" content=\"https:\/\/www.buscouniversidad.com.ar\/orientacion\/entrevista-directivo-universidad-nacional-de-rio-negro\/\" \/>\n<meta property=\"og:site_name\" content=\"Buscouniversidad.com.ar\" \/>\n<meta property=\"article:publisher\" content=\"https:\/\/www.facebook.com\/buscouniversidadcomar\" \/>\n<meta property=\"article:published_time\" content=\"2021-12-06T14:56:08+00:00\" \/>\n<meta property=\"article:modified_time\" content=\"2022-02-16T20:13:15+00:00\" \/>\n<meta name=\"twitter:card\" content=\"summary\" \/>\n<meta name=\"twitter:image\" content=\"https:\/\/www.buscouniversidad.com.ar\/orientacion\/wp-content\/uploads\/2021\/12\/universidad-rio-negro-scaled.jpg\" \/>\n<meta name=\"twitter:label1\" content=\"Written by\" \/>\n\t<meta name=\"twitter:data1\" content=\"Lucila Voccia\" \/>\n\t<meta name=\"twitter:label2\" content=\"Est. reading time\" \/>\n\t<meta name=\"twitter:data2\" content=\"6 minutos\" \/>\n<script type=\"application\/ld+json\" class=\"yoast-schema-graph\">{\"@context\":\"https:\/\/schema.org\",\"@graph\":[{\"@type\":\"WebSite\",\"@id\":\"https:\/\/www.buscouniversidad.com.ar\/orientacion\/#website\",\"url\":\"https:\/\/www.buscouniversidad.com.ar\/orientacion\/\",\"name\":\"Buscouniversidad.com.ar\",\"description\":\"\",\"potentialAction\":[{\"@type\":\"SearchAction\",\"target\":{\"@type\":\"EntryPoint\",\"urlTemplate\":\"https:\/\/www.buscouniversidad.com.ar\/orientacion\/?s={search_term_string}\"},\"query-input\":\"required name=search_term_string\"}],\"inLanguage\":\"es-AR\"},{\"@type\":\"ImageObject\",\"@id\":\"https:\/\/www.buscouniversidad.com.ar\/orientacion\/entrevista-directivo-universidad-nacional-de-rio-negro\/#primaryimage\",\"inLanguage\":\"es-AR\",\"url\":\"\",\"contentUrl\":\"\"},{\"@type\":\"WebPage\",\"@id\":\"https:\/\/www.buscouniversidad.com.ar\/orientacion\/entrevista-directivo-universidad-nacional-de-rio-negro\/#webpage\",\"url\":\"https:\/\/www.buscouniversidad.com.ar\/orientacion\/entrevista-directivo-universidad-nacional-de-rio-negro\/\",\"name\":\"Entrevista a directivo de la Universidad Nacional de R\\u00edo Negro - Buscouniversidad.com.ar\",\"isPartOf\":{\"@id\":\"https:\/\/www.buscouniversidad.com.ar\/orientacion\/#website\"},\"primaryImageOfPage\":{\"@id\":\"https:\/\/www.buscouniversidad.com.ar\/orientacion\/entrevista-directivo-universidad-nacional-de-rio-negro\/#primaryimage\"},\"datePublished\":\"2021-12-06T14:56:08+00:00\",\"dateModified\":\"2022-02-16T20:13:15+00:00\",\"author\":{\"@id\":\"https:\/\/www.buscouniversidad.com.ar\/orientacion\/#\/schema\/person\/5578a144e9a582f30bfdd86f0a47c5aa\"},\"description\":\"En este nota entrevistamos a Carlos Bezic, Secretario Acad\\u00e9mico de la UNRN. Ingres\\u00e1 y conoc\\u00e9 todo sobre la Universidad Nacional de R\\u00edo Negro.\",\"breadcrumb\":{\"@id\":\"https:\/\/www.buscouniversidad.com.ar\/orientacion\/entrevista-directivo-universidad-nacional-de-rio-negro\/#breadcrumb\"},\"inLanguage\":\"es-AR\",\"potentialAction\":[{\"@type\":\"ReadAction\",\"target\":[\"https:\/\/www.buscouniversidad.com.ar\/orientacion\/entrevista-directivo-universidad-nacional-de-rio-negro\/\"]}]},{\"@type\":\"BreadcrumbList\",\"@id\":\"https:\/\/www.buscouniversidad.com.ar\/orientacion\/entrevista-directivo-universidad-nacional-de-rio-negro\/#breadcrumb\",\"itemListElement\":[{\"@type\":\"ListItem\",\"position\":1,\"name\":\"Home\",\"item\":\"https:\/\/www.buscouniversidad.com.ar\/orientacion\/\"},{\"@type\":\"ListItem\",\"position\":2,\"name\":\"Entrevista a directivo de la Universidad Nacional de R\\u00edo Negro\"}]},{\"@type\":\"Person\",\"@id\":\"https:\/\/www.buscouniversidad.com.ar\/orientacion\/#\/schema\/person\/5578a144e9a582f30bfdd86f0a47c5aa\",\"name\":\"Lucila Voccia\",\"image\":{\"@type\":\"ImageObject\",\"@id\":\"https:\/\/www.buscouniversidad.com.ar\/orientacion\/#personlogo\",\"inLanguage\":\"es-AR\",\"url\":\"https:\/\/secure.gravatar.com\/avatar\/15276fbf032eca650ecc1822cf278130?s=96&d=mm&r=g\",\"contentUrl\":\"https:\/\/secure.gravatar.com\/avatar\/15276fbf032eca650ecc1822cf278130?s=96&d=mm&r=g\",\"caption\":\"Lucila Voccia\"},\"url\":\"https:\/\/www.buscouniversidad.com.ar\/orientacion\/author\/lucila-voccia\/\"}]}<\/script>\n<!-- \/ Yoast SEO plugin. -->","yoast_head_json":{"title":"Entrevista a directivo de la Universidad Nacional de R\u00edo Negro - Buscouniversidad.com.ar","description":"En este nota entrevistamos a Carlos Bezic, Secretario Acad\u00e9mico de la UNRN. Ingres\u00e1 y conoc\u00e9 todo sobre la Universidad Nacional de R\u00edo Negro.","robots":{"index":"index","follow":"follow","max-snippet":"max-snippet:-1","max-image-preview":"max-image-preview:large","max-video-preview":"max-video-preview:-1"},"canonical":"https:\/\/www.buscouniversidad.com.ar\/orientacion\/entrevista-directivo-universidad-nacional-de-rio-negro\/","og_locale":"es_ES","og_type":"article","og_title":"Entrevista a directivo de la Universidad Nacional de R\u00edo Negro - Buscouniversidad.com.ar","og_description":"En este nota entrevistamos a Carlos Bezic, Secretario Acad\u00e9mico de la UNRN. Ingres\u00e1 y conoc\u00e9 todo sobre la Universidad Nacional de R\u00edo Negro.","og_url":"https:\/\/www.buscouniversidad.com.ar\/orientacion\/entrevista-directivo-universidad-nacional-de-rio-negro\/","og_site_name":"Buscouniversidad.com.ar","article_publisher":"https:\/\/www.facebook.com\/buscouniversidadcomar","article_published_time":"2021-12-06T14:56:08+00:00","article_modified_time":"2022-02-16T20:13:15+00:00","twitter_card":"summary","twitter_image":"https:\/\/www.buscouniversidad.com.ar\/orientacion\/wp-content\/uploads\/2021\/12\/universidad-rio-negro-scaled.jpg","twitter_misc":{"Written by":"Lucila Voccia","Est. reading time":"6 minutos"},"schema":{"@context":"https:\/\/schema.org","@graph":[{"@type":"WebSite","@id":"https:\/\/www.buscouniversidad.com.ar\/orientacion\/#website","url":"https:\/\/www.buscouniversidad.com.ar\/orientacion\/","name":"Buscouniversidad.com.ar","description":"","potentialAction":[{"@type":"SearchAction","target":{"@type":"EntryPoint","urlTemplate":"https:\/\/www.buscouniversidad.com.ar\/orientacion\/?s={search_term_string}"},"query-input":"required name=search_term_string"}],"inLanguage":"es-AR"},{"@type":"ImageObject","@id":"https:\/\/www.buscouniversidad.com.ar\/orientacion\/entrevista-directivo-universidad-nacional-de-rio-negro\/#primaryimage","inLanguage":"es-AR","url":"","contentUrl":""},{"@type":"WebPage","@id":"https:\/\/www.buscouniversidad.com.ar\/orientacion\/entrevista-directivo-universidad-nacional-de-rio-negro\/#webpage","url":"https:\/\/www.buscouniversidad.com.ar\/orientacion\/entrevista-directivo-universidad-nacional-de-rio-negro\/","name":"Entrevista a directivo de la Universidad Nacional de R\u00edo Negro - Buscouniversidad.com.ar","isPartOf":{"@id":"https:\/\/www.buscouniversidad.com.ar\/orientacion\/#website"},"primaryImageOfPage":{"@id":"https:\/\/www.buscouniversidad.com.ar\/orientacion\/entrevista-directivo-universidad-nacional-de-rio-negro\/#primaryimage"},"datePublished":"2021-12-06T14:56:08+00:00","dateModified":"2022-02-16T20:13:15+00:00","author":{"@id":"https:\/\/www.buscouniversidad.com.ar\/orientacion\/#\/schema\/person\/5578a144e9a582f30bfdd86f0a47c5aa"},"description":"En este nota entrevistamos a Carlos Bezic, Secretario Acad\u00e9mico de la UNRN. Ingres\u00e1 y conoc\u00e9 todo sobre la Universidad Nacional de R\u00edo Negro.","breadcrumb":{"@id":"https:\/\/www.buscouniversidad.com.ar\/orientacion\/entrevista-directivo-universidad-nacional-de-rio-negro\/#breadcrumb"},"inLanguage":"es-AR","potentialAction":[{"@type":"ReadAction","target":["https:\/\/www.buscouniversidad.com.ar\/orientacion\/entrevista-directivo-universidad-nacional-de-rio-negro\/"]}]},{"@type":"BreadcrumbList","@id":"https:\/\/www.buscouniversidad.com.ar\/orientacion\/entrevista-directivo-universidad-nacional-de-rio-negro\/#breadcrumb","itemListElement":[{"@type":"ListItem","position":1,"name":"Home","item":"https:\/\/www.buscouniversidad.com.ar\/orientacion\/"},{"@type":"ListItem","position":2,"name":"Entrevista a directivo de la Universidad Nacional de R\u00edo Negro"}]},{"@type":"Person","@id":"https:\/\/www.buscouniversidad.com.ar\/orientacion\/#\/schema\/person\/5578a144e9a582f30bfdd86f0a47c5aa","name":"Lucila Voccia","image":{"@type":"ImageObject","@id":"https:\/\/www.buscouniversidad.com.ar\/orientacion\/#personlogo","inLanguage":"es-AR","url":"https:\/\/secure.gravatar.com\/avatar\/15276fbf032eca650ecc1822cf278130?s=96&d=mm&r=g","contentUrl":"https:\/\/secure.gravatar.com\/avatar\/15276fbf032eca650ecc1822cf278130?s=96&d=mm&r=g","caption":"Lucila Voccia"},"url":"https:\/\/www.buscouniversidad.com.ar\/orientacion\/author\/lucila-voccia\/"}]}},"_links":{"self":[{"href":"https:\/\/www.buscouniversidad.com.ar\/orientacion\/wp-json\/wp\/v2\/posts\/3660"}],"collection":[{"href":"https:\/\/www.buscouniversidad.com.ar\/orientacion\/wp-json\/wp\/v2\/posts"}],"about":[{"href":"https:\/\/www.buscouniversidad.com.ar\/orientacion\/wp-json\/wp\/v2\/types\/post"}],"author":[{"embeddable":true,"href":"https:\/\/www.buscouniversidad.com.ar\/orientacion\/wp-json\/wp\/v2\/users\/7"}],"replies":[{"embeddable":true,"href":"https:\/\/www.buscouniversidad.com.ar\/orientacion\/wp-json\/wp\/v2\/comments?post=3660"}],"version-history":[{"count":5,"href":"https:\/\/www.buscouniversidad.com.ar\/orientacion\/wp-json\/wp\/v2\/posts\/3660\/revisions"}],"predecessor-version":[{"id":3869,"href":"https:\/\/www.buscouniversidad.com.ar\/orientacion\/wp-json\/wp\/v2\/posts\/3660\/revisions\/3869"}],"wp:featuredmedia":[{"embeddable":true,"href":"https:\/\/www.buscouniversidad.com.ar\/orientacion\/wp-json\/wp\/v2\/media\/3861"}],"wp:attachment":[{"href":"https:\/\/www.buscouniversidad.com.ar\/orientacion\/wp-json\/wp\/v2\/media?parent=3660"}],"wp:term":[{"taxonomy":"category","embeddable":true,"href":"https:\/\/www.buscouniversidad.com.ar\/orientacion\/wp-json\/wp\/v2\/categories?post=3660"},{"taxonomy":"post_tag","embeddable":true,"href":"https:\/\/www.buscouniversidad.com.ar\/orientacion\/wp-json\/wp\/v2\/tags?post=3660"}],"curies":[{"name":"wp","href":"https:\/\/api.w.org\/{rel}","templated":true}]}}